{"id":13906,"date":"2025-11-07T19:50:27","date_gmt":"2025-11-07T19:50:27","guid":{"rendered":"https:\/\/aldea.work\/?p=13906"},"modified":"2026-02-04T16:34:12","modified_gmt":"2026-02-04T16:34:12","slug":"como-elegir-oficinas-en-renta-flexibles-en-el-bajio","status":"publish","type":"post","link":"https:\/\/aldea.work\/en\/como-elegir-oficinas-en-renta-flexibles-en-el-bajio\/","title":{"rendered":"C\u00f3mo elegir oficinas en renta flexibles en el Baj\u00edo"},"content":{"rendered":"<div data-elementor-type=\"wp-post\" data-elementor-id=\"13906\" class=\"elementor elementor-13906\">\n\t\t\t\t<div class=\"elementor-element elementor-element-b433410 e-flex e-con-boxed wpr-particle-no wpr-jarallax-no wpr-parallax-no wpr-sticky-section-no e-con e-parent\" data-id=\"b433410\" data-element_type=\"container\" data-e-type=\"container\">\n\t\t\t\t\t<div class=\"e-con-inner\">\n\t\t\t\t<div class=\"elementor-element elementor-element-3916839b elementor-widget elementor-widget-text-editor\" data-id=\"3916839b\" data-element_type=\"widget\" data-e-type=\"widget\" data-widget_type=\"text-editor.default\">\n\t\t\t\t\t\t\t\t\t<h1><strong>C\u00f3mo elegir oficinas en renta flexibles en el Baj\u00edo<\/strong><\/h1>\n<p>He vivido de primera mano lo que significa pasar de una oficina tradicional r\u00edgida a un espacio verdaderamente flexible. Y te lo cuento porque, si est\u00e1s en el Baj\u00edo (Aguascalientes, Le\u00f3n, San Luis Potos\u00ed, Quer\u00e9taro) como muchos de los que formamos parte de la comunidad Aldea, elegir bien tu oficina puede marcar la diferencia entre \u201ctrabajar porque tienes que\u201d y \u201ctrabajar porque lo disfrutas\u201d. En este art\u00edculo vas a descubrir qu\u00e9 par\u00e1metros revisar, c\u00f3mo comparar alternativas y por qu\u00e9 las sedes de Aldea \u2014 Aldea Galer\u00edas (Aguascalientes), Aldea Poliforum (Le\u00f3n), Aldea Park (San Luis Potos\u00ed) y Aldea Centro Sur (Quer\u00e9taro) \u2014 pueden darte justamente lo que buscas: flexibilidad, comunidad, servicios y enfoque.<\/p>\n<p>\u00a0<\/p>\n<h3>\u00bfPor qu\u00e9 la flexibilidad es clave hoy?<\/h3>\n<ul>\n<li>En el modelo tradicional: contrato a largo plazo, mobiliario propio, servicios aparte, costos fijos elevados.<\/li>\n<li>En la renta flexible: plazos adaptados (mensuales, trimestrales), mobiliario y servicios incluidos, menor compromiso inicial.<\/li>\n<li>Comparativa: Oficina tradicional vs \u201coficina en renta flexible\u201d.\n<ul>\n<li>Costo fijo elevado y amortizaci\u00f3n lenta vs pago por uso, transparente.<\/li>\n<li>No hay comunidad vs comunidad de profesionales.<\/li>\n<li>Plazo r\u00edgido vs opci\u00f3n de escalar o reducir seg\u00fan crecimiento.<\/li>\n<\/ul>\n<\/li>\n<li>En M\u00e9xico, el espacio de coworking y oficinas flexibles est\u00e1 creciendo: por ejemplo, se estim\u00f3 que el mercado mexicano de coworking alcanz\u00f3 USD 172.8 millones en 2023 y podr\u00eda llegar a USD 521.9 millones para 2030, lo que refleja la demanda de modelos m\u00e1s adaptables.<\/li>\n<li>Y otro dato: al cierre del segundo semestre de 2024, en M\u00e9xico hab\u00eda aproximadamente 390 000 m\u00b2 de espacios de coworking, lo que evidencia el inter\u00e9s por alternativas al modelo tradicional.<\/li>\n<\/ul>\n<div>\u00a0<\/div>\n<h3>Beneficios pr\u00e1cticos de un espacio flexible<\/h3>\n<ul>\n<li><strong>Costos previsibles<\/strong>: cuotas mensuales que incluyen mobiliario, internet, limpieza, recepci\u00f3n.<\/li>\n<li><strong>Menos distracciones<\/strong>: espacios dise\u00f1ados para trabajar, no improvisados.<\/li>\n<li><strong>Foco inmediato<\/strong>: entras y comienzas, sin inversi\u00f3n de instalaci\u00f3n.<\/li>\n<li><strong>Escalabilidad<\/strong>: creces o reduces sin pasar por alta renovaci\u00f3n de contrato.<\/li>\n<li>Ejemplo concreto: <a href=\"https:\/\/aldea.work\/en\/oficinas-en-renta-leon-guanajuato\/\">En Aldea Poliforum (Le\u00f3n)<\/a>, podr\u00edas comenzar con una oficina para 4 personas, y cuando creces a 10, renegociar o trasladarte al siguiente m\u00f3dulo.<\/li>\n<li>Tambi\u00e9n incluye tecnolog\u00eda, servicio de caf\u00e9 o zonas comunes, que normalmente la oficina tradicional no considera.<\/li>\n<\/ul>\n<div>\u00a0<\/div>\n<h3>Beneficios intangibles: comunidad, innovaci\u00f3n y bienestar<\/h3>\n<ul>\n<li><a href=\"https:\/\/aldea.work\/en\/oficinas-en-renta-aguascalientes\/\">En Aldea Galer\u00edas (Aguascalientes)<\/a> se ha creado una comunidad de \u201caldeanos\u201d que vienen de distintas disciplinas: dise\u00f1o, consultor\u00eda, tecnolog\u00eda. Esa mezcla favorece colaboraci\u00f3n cruzada.<\/li>\n<li><a href=\"https:\/\/aldea.work\/en\/oficinas-en-renta-san-luis-potosi\/\">En Aldea Park (San Luis Potos\u00ed)<\/a>, el entorno de trabajo est\u00e1 pensado para motivar: mobiliario ergon\u00f3mico, zonas lounge, eventos de networking.<\/li>\n<li><a href=\"https:\/\/aldea.work\/en\/oficinas-en-renta-queretaro\/\">En Aldea Centro Sur (Quer\u00e9taro)<\/a>, pr\u00f3xima apertura, tendr\u00e1s la ventaja de un espacio nuevo en un entorno moderno, con dise\u00f1o \u201cfresh\u201d que inspira.<\/li>\n<li>Estas cualidades (comunidad, motivaci\u00f3n, aprendizaje) son aquello que eleva la experiencia por encima de \u201csolo un escritorio\u201d.<\/li>\n<\/ul>\n<div>\u00a0<\/div>\n<h3>Aldea Galer\u00edas \u2013 la opci\u00f3n flexible en Aguascalientes<\/h3>\n<ul>\n<li>Aqu\u00ed puedes optar por oficinas privadas, coworking de escritorios compartidos o salas de juntas bajo demanda.<\/li>\n<li>Ubicaci\u00f3n estrat\u00e9gica en Aguascalientes, con acceso r\u00e1pido, parking, y ambiente profesional.<\/li>\n<li>Flexibilidad real: cambia de modalidad si tu equipo crece o si experimentas nuevos esquemas h\u00edbridos.<\/li>\n<\/ul>\n<div>\u00a0<\/div>\n<h3>Aldea Poliforum \u2013 oficinas privadas y coworking en Le\u00f3n<\/h3>\n<ul>\n<li>En el coraz\u00f3n del Baj\u00edo empresarial leon\u00e9s, con visibilidad y servicios listos.<\/li>\n<li>Perfecto para empresas que desean expandirse sin perder agilidad.<\/li>\n<li>Comunidad activa, lo cual genera colaboraciones que no suceden en una oficina tradicional cerrada.<\/li>\n<\/ul>\n<div>\u00a0<\/div>\n<h3>Aldea Park \u2013 adaptabilidad en San Luis Potos\u00ed<\/h3>\n<ul>\n<li>Ideal para startups o equipos que quieren empezar ligero: mobiliario, internet dedicado, recepci\u00f3n incluida.<\/li>\n<li>El entorno permite atraer talento local sin necesidad de ir a grandes ciudades.<\/li>\n<\/ul>\n<div>\u00a0<\/div>\n<h3>Aldea Centro Sur \u2013 pr\u00f3xima apertura en Quer\u00e9taro con opciones flexibles<\/h3>\n<ul>\n<li>Para quienes est\u00e1n en Quer\u00e9taro o planean expansi\u00f3n, esta sede ser\u00e1 una opci\u00f3n de vanguardia.<\/li>\n<li>Puedes entrar como early-tenant y beneficiarte de lanzamientos, tarifas de apertura y comunidad en crecimiento.<\/li>\n<\/ul>\n<div>\u00a0<\/div>\n<h3>Checklist para elegir tu espacio hoy<\/h3>\n<ul>\n<li>Ubicaci\u00f3n: \u00bfacceso, transporte, parking?<\/li>\n<li>Servicios incluidos: internet dedicado, limpieza, recepci\u00f3n, caf\u00e9.<\/li>\n<li>Plazo de contrato: \u00bfmensual, trimestral? \u00bfQu\u00e9 pasa si necesitas cambiar?<\/li>\n<li>Comunidad y eventos: \u00bfexisten talleres, charlas, oportunidades de networking?<\/li>\n<li>Tecnolog\u00eda y conectividad: \u00bfancho de banda, redundancia, salas de videoconferencia?<\/li>\n<li>Escalabilidad y flexibilidad: \u00bfpuedo crecer, reducir o moverme sin trampas?<\/li>\n<li>Comparativa r\u00e1pida: \u201criesgo de oficina tradicional\u201d vs \u201cventaja de flexible\u201d.<\/li>\n<\/ul>\n<div>\u00a0<\/div>\n<h2><strong>Conclusi\u00f3n<\/strong><\/h2>\n<p>Elegir bien un espacio de renta flexible en el Baj\u00edo no es solo cuesti\u00f3n de metros cuadrados: es cuesti\u00f3n de tiempos, comunidad, servicios y opciones de crecimiento. Y gracias a las sedes de Aldea \u2014 Aldea Galer\u00edas en Aguascalientes, Aldea Poliforum en Le\u00f3n, Aldea Park en San Luis Potos\u00ed y Aldea Centro Sur en Quer\u00e9taro \u2014 tienes un ecosistema listo para que <strong>trabajar se disfrute<\/strong>, no solo se tolere.<\/p>\n<p><!-- \/wp:paragraph --><\/p>\t\t\t\t\t\t\t\t<\/div>\n\t\t\t\t\t<\/div>\n\t\t\t\t<\/div>\n\t\t\t\t<\/div>","protected":false},"excerpt":{"rendered":"<p>C\u00f3mo elegir oficinas en renta flexibles en el Baj\u00edo He vivido de primera mano lo que significa pasar de una oficina tradicional r\u00edgida a un espacio verdaderamente flexible. Y te lo cuento porque, si est\u00e1s en el Baj\u00edo (Aguascalientes, Le\u00f3n, San Luis Potos\u00ed, Quer\u00e9taro) como muchos de los que formamos parte de la comunidad Aldea, elegir bien tu oficina puede marcar la diferencia entre \u201ctrabajar porque tienes que\u201d y \u201ctrabajar porque lo disfrutas\u201d. En este art\u00edculo vas a descubrir qu\u00e9 par\u00e1metros revisar, c\u00f3mo comparar alternativas y por qu\u00e9 las sedes de Aldea \u2014 Aldea Galer\u00edas (Aguascalientes), Aldea Poliforum (Le\u00f3n), Aldea Park (San Luis Potos\u00ed) y Aldea Centro Sur (Quer\u00e9taro) \u2014 pueden darte justamente lo que buscas: flexibilidad, comunidad, servicios y enfoque. \u00a0 \u00bfPor qu\u00e9 la flexibilidad es clave hoy? En el modelo tradicional: contrato a largo plazo, mobiliario propio, servicios aparte, costos fijos elevados. En la renta flexible: plazos adaptados (mensuales, trimestrales), mobiliario y servicios incluidos, menor compromiso inicial. Comparativa: Oficina tradicional vs \u201coficina en renta flexible\u201d. Costo fijo elevado y amortizaci\u00f3n lenta vs pago por uso, transparente. No hay comunidad vs comunidad de profesionales. Plazo r\u00edgido vs opci\u00f3n de escalar o reducir seg\u00fan crecimiento. En M\u00e9xico, el espacio de coworking y oficinas flexibles est\u00e1 creciendo: por ejemplo, se estim\u00f3 que el mercado mexicano de coworking alcanz\u00f3 USD 172.8 millones en 2023 y podr\u00eda llegar a USD 521.9 millones para 2030, lo que refleja la demanda de modelos m\u00e1s adaptables. Y otro dato: al cierre del segundo semestre de 2024, en M\u00e9xico hab\u00eda aproximadamente 390 000 m\u00b2 de espacios de coworking, lo que evidencia el inter\u00e9s por alternativas al modelo tradicional. \u00a0 Beneficios pr\u00e1cticos de un espacio flexible Costos previsibles: cuotas mensuales que incluyen mobiliario, internet, limpieza, recepci\u00f3n. Menos distracciones: espacios dise\u00f1ados para trabajar, no improvisados. Foco inmediato: entras y comienzas, sin inversi\u00f3n de instalaci\u00f3n. Escalabilidad: creces o reduces sin pasar por alta renovaci\u00f3n de contrato. Ejemplo concreto: En Aldea Poliforum (Le\u00f3n), podr\u00edas comenzar con una oficina para 4 personas, y cuando creces a 10, renegociar o trasladarte al siguiente m\u00f3dulo. Tambi\u00e9n incluye tecnolog\u00eda, servicio de caf\u00e9 o zonas comunes, que normalmente la oficina tradicional no considera. \u00a0 Beneficios intangibles: comunidad, innovaci\u00f3n y bienestar En Aldea Galer\u00edas (Aguascalientes) se ha creado una comunidad de \u201caldeanos\u201d que vienen de distintas disciplinas: dise\u00f1o, consultor\u00eda, tecnolog\u00eda. Esa mezcla favorece colaboraci\u00f3n cruzada. En Aldea Park (San Luis Potos\u00ed), el entorno de trabajo est\u00e1 pensado para motivar: mobiliario ergon\u00f3mico, zonas lounge, eventos de networking. En Aldea Centro Sur (Quer\u00e9taro), pr\u00f3xima apertura, tendr\u00e1s la ventaja de un espacio nuevo en un entorno moderno, con dise\u00f1o \u201cfresh\u201d que inspira. Estas cualidades (comunidad, motivaci\u00f3n, aprendizaje) son aquello que eleva la experiencia por encima de \u201csolo un escritorio\u201d. \u00a0 Aldea Galer\u00edas \u2013 la opci\u00f3n flexible en Aguascalientes Aqu\u00ed puedes optar por oficinas privadas, coworking de escritorios compartidos o salas de juntas bajo demanda. Ubicaci\u00f3n estrat\u00e9gica en Aguascalientes, con acceso r\u00e1pido, parking, y ambiente profesional. Flexibilidad real: cambia de modalidad si tu equipo crece o si experimentas nuevos esquemas h\u00edbridos. \u00a0 Aldea Poliforum \u2013 oficinas privadas y coworking en Le\u00f3n En el coraz\u00f3n del Baj\u00edo empresarial leon\u00e9s, con visibilidad y servicios listos. Perfecto para empresas que desean expandirse sin perder agilidad. Comunidad activa, lo cual genera colaboraciones que no suceden en una oficina tradicional cerrada. \u00a0 Aldea Park \u2013 adaptabilidad en San Luis Potos\u00ed Ideal para startups o equipos que quieren empezar ligero: mobiliario, internet dedicado, recepci\u00f3n incluida. El entorno permite atraer talento local sin necesidad de ir a grandes ciudades. \u00a0 Aldea Centro Sur \u2013 pr\u00f3xima apertura en Quer\u00e9taro con opciones flexibles Para quienes est\u00e1n en Quer\u00e9taro o planean expansi\u00f3n, esta sede ser\u00e1 una opci\u00f3n de vanguardia. Puedes entrar como early-tenant y beneficiarte de lanzamientos, tarifas de apertura y comunidad en crecimiento. \u00a0 Checklist para elegir tu espacio hoy Ubicaci\u00f3n: \u00bfacceso, transporte, parking? Servicios incluidos: internet dedicado, limpieza, recepci\u00f3n, caf\u00e9. Plazo de contrato: \u00bfmensual, trimestral? \u00bfQu\u00e9 pasa si necesitas cambiar? Comunidad y eventos: \u00bfexisten talleres, charlas, oportunidades de networking? Tecnolog\u00eda y conectividad: \u00bfancho de banda, redundancia, salas de videoconferencia? Escalabilidad y flexibilidad: \u00bfpuedo crecer, reducir o moverme sin trampas? Comparativa r\u00e1pida: \u201criesgo de oficina tradicional\u201d vs \u201cventaja de flexible\u201d. \u00a0 Conclusi\u00f3n Elegir bien un espacio de renta flexible en el Baj\u00edo no es solo cuesti\u00f3n de metros cuadrados: es cuesti\u00f3n de tiempos, comunidad, servicios y opciones de crecimiento. Y gracias a las sedes de Aldea \u2014 Aldea Galer\u00edas en Aguascalientes, Aldea Poliforum en Le\u00f3n, Aldea Park en San Luis Potos\u00ed y Aldea Centro Sur en Quer\u00e9taro \u2014 tienes un ecosistema listo para que trabajar se disfrute, no solo se tolere.<\/p>","protected":false},"author":1,"featured_media":13922,"comment_status":"closed","ping_status":"closed","sticky":false,"template":"","format":"standard","meta":{"_acf_changed":false,"_joinchat":[],"footnotes":""},"categories":[34],"tags":[],"class_list":["post-13906","post","type-post","status-publish","format-standard","has-post-thumbnail","hentry","category-tu-espacio-de-trabajo"],"yoast_head":"<!-- This site is optimized with the Yoast SEO plugin v26.9 - https:\/\/yoast.com\/product\/yoast-seo-wordpress\/ -->\n<title>Ventajas de trabajar en un entorno colaborativ - Aldea Work<\/title>\n<meta name=\"description\" content=\"Un entorno colaborativo fomenta el intercambio de ideas y conocimientos entre profesionales de distintas \u00e1reas.\" \/>\n<meta name=\"robots\" content=\"index, follow, max-snippet:-1, max-image-preview:large, max-video-preview:-1\" \/>\n<link rel=\"canonical\" href=\"https:\/\/aldea.work\/en\/como-elegir-oficinas-en-renta-flexibles-en-el-bajio\/\" \/>\n<meta property=\"og:locale\" content=\"en_US\" \/>\n<meta property=\"og:type\" content=\"article\" \/>\n<meta property=\"og:title\" content=\"Ventajas de trabajar en un entorno colaborativ - Aldea Work\" \/>\n<meta property=\"og:description\" content=\"Un entorno colaborativo fomenta el intercambio de ideas y conocimientos entre profesionales de distintas \u00e1reas.\" \/>\n<meta property=\"og:url\" content=\"https:\/\/aldea.work\/en\/como-elegir-oficinas-en-renta-flexibles-en-el-bajio\/\" \/>\n<meta property=\"og:site_name\" content=\"Aldea\" \/>\n<meta property=\"article:published_time\" content=\"2025-11-07T19:50:27+00:00\" \/>\n<meta property=\"article:modified_time\" content=\"2026-02-04T16:34:12+00:00\" \/>\n<meta property=\"og:image\" content=\"https:\/\/aldea.work\/wp-content\/uploads\/2025\/04\/Como-elegir-oficinas-en-renta.webp\" \/>\n\t<meta property=\"og:image:width\" content=\"1200\" \/>\n\t<meta property=\"og:image:height\" content=\"676\" \/>\n\t<meta property=\"og:image:type\" content=\"image\/webp\" \/>\n<meta name=\"author\" content=\"admin\" \/>\n<meta name=\"twitter:card\" content=\"summary_large_image\" \/>\n<meta name=\"twitter:label1\" content=\"Written by\" \/>\n\t<meta name=\"twitter:data1\" content=\"admin\" \/>\n\t<meta name=\"twitter:label2\" content=\"Est. reading time\" \/>\n\t<meta name=\"twitter:data2\" content=\"4 minutes\" \/>\n<script type=\"application\/ld+json\" class=\"yoast-schema-graph\">{\"@context\":\"https:\/\/schema.org\",\"@graph\":[{\"@type\":\"Article\",\"@id\":\"https:\/\/aldea.work\/como-elegir-oficinas-en-renta-flexibles-en-el-bajio\/#article\",\"isPartOf\":{\"@id\":\"https:\/\/aldea.work\/como-elegir-oficinas-en-renta-flexibles-en-el-bajio\/\"},\"author\":{\"name\":\"admin\",\"@id\":\"https:\/\/aldea.work\/#\/schema\/person\/4bd7f8d004eede99705f7fad40a680d7\"},\"headline\":\"C\u00f3mo elegir oficinas en renta flexibles en el Baj\u00edo\",\"datePublished\":\"2025-11-07T19:50:27+00:00\",\"dateModified\":\"2026-02-04T16:34:12+00:00\",\"mainEntityOfPage\":{\"@id\":\"https:\/\/aldea.work\/como-elegir-oficinas-en-renta-flexibles-en-el-bajio\/\"},\"wordCount\":820,\"publisher\":{\"@id\":\"https:\/\/aldea.work\/#organization\"},\"image\":{\"@id\":\"https:\/\/aldea.work\/como-elegir-oficinas-en-renta-flexibles-en-el-bajio\/#primaryimage\"},\"thumbnailUrl\":\"https:\/\/aldea.work\/wp-content\/uploads\/2025\/04\/Como-elegir-oficinas-en-renta.webp\",\"articleSection\":[\"Tu espacio de trabajo\"],\"inLanguage\":\"en-US\"},{\"@type\":\"WebPage\",\"@id\":\"https:\/\/aldea.work\/como-elegir-oficinas-en-renta-flexibles-en-el-bajio\/\",\"url\":\"https:\/\/aldea.work\/como-elegir-oficinas-en-renta-flexibles-en-el-bajio\/\",\"name\":\"Ventajas de trabajar en un entorno colaborativ - Aldea Work\",\"isPartOf\":{\"@id\":\"https:\/\/aldea.work\/#website\"},\"primaryImageOfPage\":{\"@id\":\"https:\/\/aldea.work\/como-elegir-oficinas-en-renta-flexibles-en-el-bajio\/#primaryimage\"},\"image\":{\"@id\":\"https:\/\/aldea.work\/como-elegir-oficinas-en-renta-flexibles-en-el-bajio\/#primaryimage\"},\"thumbnailUrl\":\"https:\/\/aldea.work\/wp-content\/uploads\/2025\/04\/Como-elegir-oficinas-en-renta.webp\",\"datePublished\":\"2025-11-07T19:50:27+00:00\",\"dateModified\":\"2026-02-04T16:34:12+00:00\",\"description\":\"Un entorno colaborativo fomenta el intercambio de ideas y conocimientos entre profesionales de distintas \u00e1reas.\",\"breadcrumb\":{\"@id\":\"https:\/\/aldea.work\/como-elegir-oficinas-en-renta-flexibles-en-el-bajio\/#breadcrumb\"},\"inLanguage\":\"en-US\",\"potentialAction\":[{\"@type\":\"ReadAction\",\"target\":[\"https:\/\/aldea.work\/como-elegir-oficinas-en-renta-flexibles-en-el-bajio\/\"]}]},{\"@type\":\"ImageObject\",\"inLanguage\":\"en-US\",\"@id\":\"https:\/\/aldea.work\/como-elegir-oficinas-en-renta-flexibles-en-el-bajio\/#primaryimage\",\"url\":\"https:\/\/aldea.work\/wp-content\/uploads\/2025\/04\/Como-elegir-oficinas-en-renta.webp\",\"contentUrl\":\"https:\/\/aldea.work\/wp-content\/uploads\/2025\/04\/Como-elegir-oficinas-en-renta.webp\",\"width\":1200,\"height\":676},{\"@type\":\"BreadcrumbList\",\"@id\":\"https:\/\/aldea.work\/como-elegir-oficinas-en-renta-flexibles-en-el-bajio\/#breadcrumb\",\"itemListElement\":[{\"@type\":\"ListItem\",\"position\":1,\"name\":\"Portada\",\"item\":\"https:\/\/aldea.work\/\"},{\"@type\":\"ListItem\",\"position\":2,\"name\":\"C\u00f3mo elegir oficinas en renta flexibles en el Baj\u00edo\"}]},{\"@type\":\"WebSite\",\"@id\":\"https:\/\/aldea.work\/#website\",\"url\":\"https:\/\/aldea.work\/\",\"name\":\"Aldea\",\"description\":\"Coworking moderno y oficinas en renta en Aguascalientes norte.\",\"publisher\":{\"@id\":\"https:\/\/aldea.work\/#organization\"},\"potentialAction\":[{\"@type\":\"SearchAction\",\"target\":{\"@type\":\"EntryPoint\",\"urlTemplate\":\"https:\/\/aldea.work\/?s={search_term_string}\"},\"query-input\":{\"@type\":\"PropertyValueSpecification\",\"valueRequired\":true,\"valueName\":\"search_term_string\"}}],\"inLanguage\":\"en-US\"},{\"@type\":\"Organization\",\"@id\":\"https:\/\/aldea.work\/#organization\",\"name\":\"Aldea\",\"url\":\"https:\/\/aldea.work\/\",\"logo\":{\"@type\":\"ImageObject\",\"inLanguage\":\"en-US\",\"@id\":\"https:\/\/aldea.work\/#\/schema\/logo\/image\/\",\"url\":\"https:\/\/aldea.work\/wp-content\/uploads\/2025\/04\/LOGO-ALDEA-AZUL.svg\",\"contentUrl\":\"https:\/\/aldea.work\/wp-content\/uploads\/2025\/04\/LOGO-ALDEA-AZUL.svg\",\"caption\":\"Aldea\"},\"image\":{\"@id\":\"https:\/\/aldea.work\/#\/schema\/logo\/image\/\"}},{\"@type\":\"Person\",\"@id\":\"https:\/\/aldea.work\/#\/schema\/person\/4bd7f8d004eede99705f7fad40a680d7\",\"name\":\"admin\",\"image\":{\"@type\":\"ImageObject\",\"inLanguage\":\"en-US\",\"@id\":\"https:\/\/aldea.work\/#\/schema\/person\/image\/\",\"url\":\"https:\/\/secure.gravatar.com\/avatar\/6becce79bfc565427e91ade0cd18e6f3923c93fa521dfb28cc57275fa9e10d34?s=96&d=mm&r=g\",\"contentUrl\":\"https:\/\/secure.gravatar.com\/avatar\/6becce79bfc565427e91ade0cd18e6f3923c93fa521dfb28cc57275fa9e10d34?s=96&d=mm&r=g\",\"caption\":\"admin\"},\"sameAs\":[\"https:\/\/aldea.work\"],\"url\":\"https:\/\/aldea.work\/en\/author\/aldea\/\"}]}<\/script>\n<!-- \/ Yoast SEO plugin. -->","yoast_head_json":{"title":"Ventajas de trabajar en un entorno colaborativ - Aldea Work","description":"Un entorno colaborativo fomenta el intercambio de ideas y conocimientos entre profesionales de distintas \u00e1reas.","robots":{"index":"index","follow":"follow","max-snippet":"max-snippet:-1","max-image-preview":"max-image-preview:large","max-video-preview":"max-video-preview:-1"},"canonical":"https:\/\/aldea.work\/en\/como-elegir-oficinas-en-renta-flexibles-en-el-bajio\/","og_locale":"en_US","og_type":"article","og_title":"Ventajas de trabajar en un entorno colaborativ - Aldea Work","og_description":"Un entorno colaborativo fomenta el intercambio de ideas y conocimientos entre profesionales de distintas \u00e1reas.","og_url":"https:\/\/aldea.work\/en\/como-elegir-oficinas-en-renta-flexibles-en-el-bajio\/","og_site_name":"Aldea","article_published_time":"2025-11-07T19:50:27+00:00","article_modified_time":"2026-02-04T16:34:12+00:00","og_image":[{"width":1200,"height":676,"url":"https:\/\/aldea.work\/wp-content\/uploads\/2025\/04\/Como-elegir-oficinas-en-renta.webp","type":"image\/webp"}],"author":"admin","twitter_card":"summary_large_image","twitter_misc":{"Written by":"admin","Est. reading time":"4 minutes"},"schema":{"@context":"https:\/\/schema.org","@graph":[{"@type":"Article","@id":"https:\/\/aldea.work\/como-elegir-oficinas-en-renta-flexibles-en-el-bajio\/#article","isPartOf":{"@id":"https:\/\/aldea.work\/como-elegir-oficinas-en-renta-flexibles-en-el-bajio\/"},"author":{"name":"admin","@id":"https:\/\/aldea.work\/#\/schema\/person\/4bd7f8d004eede99705f7fad40a680d7"},"headline":"C\u00f3mo elegir oficinas en renta flexibles en el Baj\u00edo","datePublished":"2025-11-07T19:50:27+00:00","dateModified":"2026-02-04T16:34:12+00:00","mainEntityOfPage":{"@id":"https:\/\/aldea.work\/como-elegir-oficinas-en-renta-flexibles-en-el-bajio\/"},"wordCount":820,"publisher":{"@id":"https:\/\/aldea.work\/#organization"},"image":{"@id":"https:\/\/aldea.work\/como-elegir-oficinas-en-renta-flexibles-en-el-bajio\/#primaryimage"},"thumbnailUrl":"https:\/\/aldea.work\/wp-content\/uploads\/2025\/04\/Como-elegir-oficinas-en-renta.webp","articleSection":["Tu espacio de trabajo"],"inLanguage":"en-US"},{"@type":"WebPage","@id":"https:\/\/aldea.work\/como-elegir-oficinas-en-renta-flexibles-en-el-bajio\/","url":"https:\/\/aldea.work\/como-elegir-oficinas-en-renta-flexibles-en-el-bajio\/","name":"Ventajas de trabajar en un entorno colaborativ - Aldea Work","isPartOf":{"@id":"https:\/\/aldea.work\/#website"},"primaryImageOfPage":{"@id":"https:\/\/aldea.work\/como-elegir-oficinas-en-renta-flexibles-en-el-bajio\/#primaryimage"},"image":{"@id":"https:\/\/aldea.work\/como-elegir-oficinas-en-renta-flexibles-en-el-bajio\/#primaryimage"},"thumbnailUrl":"https:\/\/aldea.work\/wp-content\/uploads\/2025\/04\/Como-elegir-oficinas-en-renta.webp","datePublished":"2025-11-07T19:50:27+00:00","dateModified":"2026-02-04T16:34:12+00:00","description":"Un entorno colaborativo fomenta el intercambio de ideas y conocimientos entre profesionales de distintas \u00e1reas.","breadcrumb":{"@id":"https:\/\/aldea.work\/como-elegir-oficinas-en-renta-flexibles-en-el-bajio\/#breadcrumb"},"inLanguage":"en-US","potentialAction":[{"@type":"ReadAction","target":["https:\/\/aldea.work\/como-elegir-oficinas-en-renta-flexibles-en-el-bajio\/"]}]},{"@type":"ImageObject","inLanguage":"en-US","@id":"https:\/\/aldea.work\/como-elegir-oficinas-en-renta-flexibles-en-el-bajio\/#primaryimage","url":"https:\/\/aldea.work\/wp-content\/uploads\/2025\/04\/Como-elegir-oficinas-en-renta.webp","contentUrl":"https:\/\/aldea.work\/wp-content\/uploads\/2025\/04\/Como-elegir-oficinas-en-renta.webp","width":1200,"height":676},{"@type":"BreadcrumbList","@id":"https:\/\/aldea.work\/como-elegir-oficinas-en-renta-flexibles-en-el-bajio\/#breadcrumb","itemListElement":[{"@type":"ListItem","position":1,"name":"Portada","item":"https:\/\/aldea.work\/"},{"@type":"ListItem","position":2,"name":"C\u00f3mo elegir oficinas en renta flexibles en el Baj\u00edo"}]},{"@type":"WebSite","@id":"https:\/\/aldea.work\/#website","url":"https:\/\/aldea.work\/","name":"Aldea","description":"Coworking moderno y oficinas en renta en Aguascalientes norte.","publisher":{"@id":"https:\/\/aldea.work\/#organization"},"potentialAction":[{"@type":"SearchAction","target":{"@type":"EntryPoint","urlTemplate":"https:\/\/aldea.work\/?s={search_term_string}"},"query-input":{"@type":"PropertyValueSpecification","valueRequired":true,"valueName":"search_term_string"}}],"inLanguage":"en-US"},{"@type":"Organization","@id":"https:\/\/aldea.work\/#organization","name":"Aldea","url":"https:\/\/aldea.work\/","logo":{"@type":"ImageObject","inLanguage":"en-US","@id":"https:\/\/aldea.work\/#\/schema\/logo\/image\/","url":"https:\/\/aldea.work\/wp-content\/uploads\/2025\/04\/LOGO-ALDEA-AZUL.svg","contentUrl":"https:\/\/aldea.work\/wp-content\/uploads\/2025\/04\/LOGO-ALDEA-AZUL.svg","caption":"Aldea"},"image":{"@id":"https:\/\/aldea.work\/#\/schema\/logo\/image\/"}},{"@type":"Person","@id":"https:\/\/aldea.work\/#\/schema\/person\/4bd7f8d004eede99705f7fad40a680d7","name":"admin","image":{"@type":"ImageObject","inLanguage":"en-US","@id":"https:\/\/aldea.work\/#\/schema\/person\/image\/","url":"https:\/\/secure.gravatar.com\/avatar\/6becce79bfc565427e91ade0cd18e6f3923c93fa521dfb28cc57275fa9e10d34?s=96&d=mm&r=g","contentUrl":"https:\/\/secure.gravatar.com\/avatar\/6becce79bfc565427e91ade0cd18e6f3923c93fa521dfb28cc57275fa9e10d34?s=96&d=mm&r=g","caption":"admin"},"sameAs":["https:\/\/aldea.work"],"url":"https:\/\/aldea.work\/en\/author\/aldea\/"}]}},"acf":[],"_links":{"self":[{"href":"https:\/\/aldea.work\/en\/wp-json\/wp\/v2\/posts\/13906","targetHints":{"allow":["GET"]}}],"collection":[{"href":"https:\/\/aldea.work\/en\/wp-json\/wp\/v2\/posts"}],"about":[{"href":"https:\/\/aldea.work\/en\/wp-json\/wp\/v2\/types\/post"}],"author":[{"embeddable":true,"href":"https:\/\/aldea.work\/en\/wp-json\/wp\/v2\/users\/1"}],"replies":[{"embeddable":true,"href":"https:\/\/aldea.work\/en\/wp-json\/wp\/v2\/comments?post=13906"}],"version-history":[{"count":0,"href":"https:\/\/aldea.work\/en\/wp-json\/wp\/v2\/posts\/13906\/revisions"}],"wp:featuredmedia":[{"embeddable":true,"href":"https:\/\/aldea.work\/en\/wp-json\/wp\/v2\/media\/13922"}],"wp:attachment":[{"href":"https:\/\/aldea.work\/en\/wp-json\/wp\/v2\/media?parent=13906"}],"wp:term":[{"taxonomy":"category","embeddable":true,"href":"https:\/\/aldea.work\/en\/wp-json\/wp\/v2\/categories?post=13906"},{"taxonomy":"post_tag","embeddable":true,"href":"https:\/\/aldea.work\/en\/wp-json\/wp\/v2\/tags?post=13906"}],"curies":[{"name":"wp","href":"https:\/\/api.w.org\/{rel}","templated":true}]}}