{"id":13912,"date":"2025-11-13T14:49:40","date_gmt":"2025-11-13T14:49:40","guid":{"rendered":"https:\/\/aldea.work\/?p=13912"},"modified":"2026-02-04T16:35:38","modified_gmt":"2026-02-04T16:35:38","slug":"tendencias-2026-para-espacios-de-trabajo-flexibles-en-mexico","status":"publish","type":"post","link":"https:\/\/aldea.work\/en\/tendencias-2026-para-espacios-de-trabajo-flexibles-en-mexico\/","title":{"rendered":"Tendencias 2026 para espacios de trabajo flexibles en M\u00e9xico"},"content":{"rendered":"<div data-elementor-type=\"wp-post\" data-elementor-id=\"13912\" class=\"elementor elementor-13912\">\n\t\t\t\t<div class=\"elementor-element elementor-element-b433410 e-flex e-con-boxed wpr-particle-no wpr-jarallax-no wpr-parallax-no wpr-sticky-section-no e-con e-parent\" data-id=\"b433410\" data-element_type=\"container\" data-e-type=\"container\">\n\t\t\t\t\t<div class=\"e-con-inner\">\n\t\t\t\t<div class=\"elementor-element elementor-element-3916839b elementor-widget elementor-widget-text-editor\" data-id=\"3916839b\" data-element_type=\"widget\" data-e-type=\"widget\" data-widget_type=\"text-editor.default\">\n\t\t\t\t\t\t\t\t\t<h1>Tendencias 2026 para espacios de trabajo flexibles en M\u00e9xico<\/h1><p>El trabajo ha cambiado radicalmente en los \u00faltimos a\u00f1os. En 2026, los espacios de trabajo flexibles se consolidan como el nuevo est\u00e1ndar en M\u00e9xico. Las empresas buscan modelos h\u00edbridos que combinen tecnolog\u00eda, bienestar y comunidad. En <strong>Aldea Networking<\/strong>, lo estamos viendo de cerca desde nuestras sedes en <strong>Aguascalientes, Le\u00f3n, San Luis Potos\u00ed y Quer\u00e9taro<\/strong>, donde cada vez m\u00e1s profesionales eligen trabajar en entornos dise\u00f1ados para disfrutar el trabajo.<\/p><p>El modelo h\u00edbrido se posiciona como la norma. Seg\u00fan estudios de WeWork Latam, m\u00e1s del 60% de los empleados en M\u00e9xico ya operan en esquemas mixtos. Esto impulsa la demanda de espacios flexibles donde se pueda alternar entre colaboraci\u00f3n presencial y concentraci\u00f3n individual.<\/p><p>El bienestar tambi\u00e9n se ha vuelto un factor decisivo. Los espacios que integran luz natural, ergonom\u00eda, aire limpio y dise\u00f1o inspirador atraen m\u00e1s talento y retienen equipos motivados. En Aldea Galer\u00edas (Aguascalientes) y Aldea Park (San Luis Potos\u00ed), por ejemplo, se prioriza el equilibrio entre productividad y descanso.<\/p><p>La tecnolog\u00eda redefine c\u00f3mo trabajamos. En las 3 sedes actuales de Aldea, contamos con internet dedicado, salas de junta y conectividad sim\u00e9trica que permite reuniones sin interrupciones. Mientras tanto, la pr\u00f3xima apertura de <a href=\"https:\/\/aldea.work\/en\/oficinas-queretaro\/\">Aldea Centro Sur (Quer\u00e9taro)<\/a> traer\u00e1 infraestructura pensada para los retos digitales de 2026.<\/p><p>La comunidad se convierte en un activo estrat\u00e9gico. <strong>Los coworkings<\/strong> ya no solo rentan escritorios, sino que construyen ecosistemas donde se comparten conocimientos, contactos y oportunidades de negocio. En Aldea Networking, esto se vive d\u00eda a d\u00eda en cada evento y colaboraci\u00f3n entre aldeanos.<\/p><p>En resumen, las tendencias 2026 apuntan a tres ejes: flexibilidad, bienestar y comunidad. Si buscas un espacio que evolucione contigo, descubre <a href=\"https:\/\/aldea.work\/en\/oficinas-aguascalientes\/\">Aldea Galer\u00edas<\/a>,<a href=\"https:\/\/aldea.work\/en\/oficinas-leon-guanajuato\/\"> Aldea Poliforum<\/a>, <a href=\"https:\/\/aldea.work\/en\/oficinas-san-luis-potosi\/\">Aldea Park<\/a> o <a href=\"https:\/\/aldea.work\/en\/oficinas-queretaro\/\">Aldea Centro Sur<\/a>: lugares donde trabajar se disfruta.<\/p>\t\t\t\t\t\t\t\t<\/div>\n\t\t\t\t\t<\/div>\n\t\t\t\t<\/div>\n\t\t\t\t<\/div>","protected":false},"excerpt":{"rendered":"<p>Tendencias 2026 para espacios de trabajo flexibles en M\u00e9xico El trabajo ha cambiado radicalmente en los \u00faltimos a\u00f1os. En 2026, los espacios de trabajo flexibles se consolidan como el nuevo est\u00e1ndar en M\u00e9xico. Las empresas buscan modelos h\u00edbridos que combinen tecnolog\u00eda, bienestar y comunidad. En Aldea Networking, lo estamos viendo de cerca desde nuestras sedes en Aguascalientes, Le\u00f3n, San Luis Potos\u00ed y Quer\u00e9taro, donde cada vez m\u00e1s profesionales eligen trabajar en entornos dise\u00f1ados para disfrutar el trabajo. El modelo h\u00edbrido se posiciona como la norma. Seg\u00fan estudios de WeWork Latam, m\u00e1s del 60% de los empleados en M\u00e9xico ya operan en esquemas mixtos. Esto impulsa la demanda de espacios flexibles donde se pueda alternar entre colaboraci\u00f3n presencial y concentraci\u00f3n individual. El bienestar tambi\u00e9n se ha vuelto un factor decisivo. Los espacios que integran luz natural, ergonom\u00eda, aire limpio y dise\u00f1o inspirador atraen m\u00e1s talento y retienen equipos motivados. En Aldea Galer\u00edas (Aguascalientes) y Aldea Park (San Luis Potos\u00ed), por ejemplo, se prioriza el equilibrio entre productividad y descanso. La tecnolog\u00eda redefine c\u00f3mo trabajamos. En las 3 sedes actuales de Aldea, contamos con internet dedicado, salas de junta y conectividad sim\u00e9trica que permite reuniones sin interrupciones. Mientras tanto, la pr\u00f3xima apertura de Aldea Centro Sur (Quer\u00e9taro) traer\u00e1 infraestructura pensada para los retos digitales de 2026. La comunidad se convierte en un activo estrat\u00e9gico. Los coworkings ya no solo rentan escritorios, sino que construyen ecosistemas donde se comparten conocimientos, contactos y oportunidades de negocio. En Aldea Networking, esto se vive d\u00eda a d\u00eda en cada evento y colaboraci\u00f3n entre aldeanos. En resumen, las tendencias 2026 apuntan a tres ejes: flexibilidad, bienestar y comunidad. Si buscas un espacio que evolucione contigo, descubre Aldea Galer\u00edas, Aldea Poliforum, Aldea Park o Aldea Centro Sur: lugares donde trabajar se disfruta.<\/p>","protected":false},"author":1,"featured_media":13923,"comment_status":"closed","ping_status":"closed","sticky":false,"template":"","format":"standard","meta":{"_acf_changed":false,"_joinchat":[],"footnotes":""},"categories":[38],"tags":[],"class_list":["post-13912","post","type-post","status-publish","format-standard","has-post-thumbnail","hentry","category-casos-y-empresas"],"yoast_head":"<!-- This site is optimized with the Yoast SEO plugin v26.9 - https:\/\/yoast.com\/product\/yoast-seo-wordpress\/ -->\n<title>Ventajas de trabajar en un entorno colaborativ - Aldea Work<\/title>\n<meta name=\"description\" content=\"Un entorno colaborativo fomenta el intercambio de ideas y conocimientos entre profesionales de distintas \u00e1reas.\" \/>\n<meta name=\"robots\" content=\"index, follow, max-snippet:-1, max-image-preview:large, max-video-preview:-1\" \/>\n<link rel=\"canonical\" href=\"https:\/\/aldea.work\/en\/tendencias-2026-para-espacios-de-trabajo-flexibles-en-mexico\/\" \/>\n<meta property=\"og:locale\" content=\"en_US\" \/>\n<meta property=\"og:type\" content=\"article\" \/>\n<meta property=\"og:title\" content=\"Ventajas de trabajar en un entorno colaborativ - Aldea Work\" \/>\n<meta property=\"og:description\" content=\"Un entorno colaborativo fomenta el intercambio de ideas y conocimientos entre profesionales de distintas \u00e1reas.\" \/>\n<meta property=\"og:url\" content=\"https:\/\/aldea.work\/en\/tendencias-2026-para-espacios-de-trabajo-flexibles-en-mexico\/\" \/>\n<meta property=\"og:site_name\" content=\"Aldea\" \/>\n<meta property=\"article:published_time\" content=\"2025-11-13T14:49:40+00:00\" \/>\n<meta property=\"article:modified_time\" content=\"2026-02-04T16:35:38+00:00\" \/>\n<meta property=\"og:image\" content=\"https:\/\/aldea.work\/wp-content\/uploads\/2025\/04\/Tendencias-2026-para-espacios-de-trabajo-flexibles-en-Mexico.webp\" \/>\n\t<meta property=\"og:image:width\" content=\"1200\" \/>\n\t<meta property=\"og:image:height\" content=\"676\" \/>\n\t<meta property=\"og:image:type\" content=\"image\/webp\" \/>\n<meta name=\"author\" content=\"admin\" \/>\n<meta name=\"twitter:card\" content=\"summary_large_image\" \/>\n<meta name=\"twitter:label1\" content=\"Written by\" \/>\n\t<meta name=\"twitter:data1\" content=\"admin\" \/>\n\t<meta name=\"twitter:label2\" content=\"Est. reading time\" \/>\n\t<meta name=\"twitter:data2\" content=\"2 minutes\" \/>\n<script type=\"application\/ld+json\" class=\"yoast-schema-graph\">{\"@context\":\"https:\/\/schema.org\",\"@graph\":[{\"@type\":\"Article\",\"@id\":\"https:\/\/aldea.work\/tendencias-2026-para-espacios-de-trabajo-flexibles-en-mexico\/#article\",\"isPartOf\":{\"@id\":\"https:\/\/aldea.work\/tendencias-2026-para-espacios-de-trabajo-flexibles-en-mexico\/\"},\"author\":{\"name\":\"admin\",\"@id\":\"https:\/\/aldea.work\/#\/schema\/person\/4bd7f8d004eede99705f7fad40a680d7\"},\"headline\":\"Tendencias 2026 para espacios de trabajo flexibles en M\u00e9xico\",\"datePublished\":\"2025-11-13T14:49:40+00:00\",\"dateModified\":\"2026-02-04T16:35:38+00:00\",\"mainEntityOfPage\":{\"@id\":\"https:\/\/aldea.work\/tendencias-2026-para-espacios-de-trabajo-flexibles-en-mexico\/\"},\"wordCount\":328,\"publisher\":{\"@id\":\"https:\/\/aldea.work\/#organization\"},\"image\":{\"@id\":\"https:\/\/aldea.work\/tendencias-2026-para-espacios-de-trabajo-flexibles-en-mexico\/#primaryimage\"},\"thumbnailUrl\":\"https:\/\/aldea.work\/wp-content\/uploads\/2025\/04\/Tendencias-2026-para-espacios-de-trabajo-flexibles-en-Mexico.webp\",\"articleSection\":[\"Casos y empresas\"],\"inLanguage\":\"en-US\"},{\"@type\":\"WebPage\",\"@id\":\"https:\/\/aldea.work\/tendencias-2026-para-espacios-de-trabajo-flexibles-en-mexico\/\",\"url\":\"https:\/\/aldea.work\/tendencias-2026-para-espacios-de-trabajo-flexibles-en-mexico\/\",\"name\":\"Ventajas de trabajar en un entorno colaborativ - Aldea Work\",\"isPartOf\":{\"@id\":\"https:\/\/aldea.work\/#website\"},\"primaryImageOfPage\":{\"@id\":\"https:\/\/aldea.work\/tendencias-2026-para-espacios-de-trabajo-flexibles-en-mexico\/#primaryimage\"},\"image\":{\"@id\":\"https:\/\/aldea.work\/tendencias-2026-para-espacios-de-trabajo-flexibles-en-mexico\/#primaryimage\"},\"thumbnailUrl\":\"https:\/\/aldea.work\/wp-content\/uploads\/2025\/04\/Tendencias-2026-para-espacios-de-trabajo-flexibles-en-Mexico.webp\",\"datePublished\":\"2025-11-13T14:49:40+00:00\",\"dateModified\":\"2026-02-04T16:35:38+00:00\",\"description\":\"Un entorno colaborativo fomenta el intercambio de ideas y conocimientos entre profesionales de distintas \u00e1reas.\",\"breadcrumb\":{\"@id\":\"https:\/\/aldea.work\/tendencias-2026-para-espacios-de-trabajo-flexibles-en-mexico\/#breadcrumb\"},\"inLanguage\":\"en-US\",\"potentialAction\":[{\"@type\":\"ReadAction\",\"target\":[\"https:\/\/aldea.work\/tendencias-2026-para-espacios-de-trabajo-flexibles-en-mexico\/\"]}]},{\"@type\":\"ImageObject\",\"inLanguage\":\"en-US\",\"@id\":\"https:\/\/aldea.work\/tendencias-2026-para-espacios-de-trabajo-flexibles-en-mexico\/#primaryimage\",\"url\":\"https:\/\/aldea.work\/wp-content\/uploads\/2025\/04\/Tendencias-2026-para-espacios-de-trabajo-flexibles-en-Mexico.webp\",\"contentUrl\":\"https:\/\/aldea.work\/wp-content\/uploads\/2025\/04\/Tendencias-2026-para-espacios-de-trabajo-flexibles-en-Mexico.webp\",\"width\":1200,\"height\":676},{\"@type\":\"BreadcrumbList\",\"@id\":\"https:\/\/aldea.work\/tendencias-2026-para-espacios-de-trabajo-flexibles-en-mexico\/#breadcrumb\",\"itemListElement\":[{\"@type\":\"ListItem\",\"position\":1,\"name\":\"Portada\",\"item\":\"https:\/\/aldea.work\/\"},{\"@type\":\"ListItem\",\"position\":2,\"name\":\"Tendencias 2026 para espacios de trabajo flexibles en M\u00e9xico\"}]},{\"@type\":\"WebSite\",\"@id\":\"https:\/\/aldea.work\/#website\",\"url\":\"https:\/\/aldea.work\/\",\"name\":\"Aldea\",\"description\":\"Coworking moderno y oficinas en renta en Aguascalientes norte.\",\"publisher\":{\"@id\":\"https:\/\/aldea.work\/#organization\"},\"potentialAction\":[{\"@type\":\"SearchAction\",\"target\":{\"@type\":\"EntryPoint\",\"urlTemplate\":\"https:\/\/aldea.work\/?s={search_term_string}\"},\"query-input\":{\"@type\":\"PropertyValueSpecification\",\"valueRequired\":true,\"valueName\":\"search_term_string\"}}],\"inLanguage\":\"en-US\"},{\"@type\":\"Organization\",\"@id\":\"https:\/\/aldea.work\/#organization\",\"name\":\"Aldea\",\"url\":\"https:\/\/aldea.work\/\",\"logo\":{\"@type\":\"ImageObject\",\"inLanguage\":\"en-US\",\"@id\":\"https:\/\/aldea.work\/#\/schema\/logo\/image\/\",\"url\":\"https:\/\/aldea.work\/wp-content\/uploads\/2025\/04\/LOGO-ALDEA-AZUL.svg\",\"contentUrl\":\"https:\/\/aldea.work\/wp-content\/uploads\/2025\/04\/LOGO-ALDEA-AZUL.svg\",\"caption\":\"Aldea\"},\"image\":{\"@id\":\"https:\/\/aldea.work\/#\/schema\/logo\/image\/\"}},{\"@type\":\"Person\",\"@id\":\"https:\/\/aldea.work\/#\/schema\/person\/4bd7f8d004eede99705f7fad40a680d7\",\"name\":\"admin\",\"image\":{\"@type\":\"ImageObject\",\"inLanguage\":\"en-US\",\"@id\":\"https:\/\/aldea.work\/#\/schema\/person\/image\/\",\"url\":\"https:\/\/secure.gravatar.com\/avatar\/6becce79bfc565427e91ade0cd18e6f3923c93fa521dfb28cc57275fa9e10d34?s=96&d=mm&r=g\",\"contentUrl\":\"https:\/\/secure.gravatar.com\/avatar\/6becce79bfc565427e91ade0cd18e6f3923c93fa521dfb28cc57275fa9e10d34?s=96&d=mm&r=g\",\"caption\":\"admin\"},\"sameAs\":[\"https:\/\/aldea.work\"],\"url\":\"https:\/\/aldea.work\/en\/author\/aldea\/\"}]}<\/script>\n<!-- \/ Yoast SEO plugin. -->","yoast_head_json":{"title":"Ventajas de trabajar en un entorno colaborativ - Aldea Work","description":"Un entorno colaborativo fomenta el intercambio de ideas y conocimientos entre profesionales de distintas \u00e1reas.","robots":{"index":"index","follow":"follow","max-snippet":"max-snippet:-1","max-image-preview":"max-image-preview:large","max-video-preview":"max-video-preview:-1"},"canonical":"https:\/\/aldea.work\/en\/tendencias-2026-para-espacios-de-trabajo-flexibles-en-mexico\/","og_locale":"en_US","og_type":"article","og_title":"Ventajas de trabajar en un entorno colaborativ - Aldea Work","og_description":"Un entorno colaborativo fomenta el intercambio de ideas y conocimientos entre profesionales de distintas \u00e1reas.","og_url":"https:\/\/aldea.work\/en\/tendencias-2026-para-espacios-de-trabajo-flexibles-en-mexico\/","og_site_name":"Aldea","article_published_time":"2025-11-13T14:49:40+00:00","article_modified_time":"2026-02-04T16:35:38+00:00","og_image":[{"width":1200,"height":676,"url":"https:\/\/aldea.work\/wp-content\/uploads\/2025\/04\/Tendencias-2026-para-espacios-de-trabajo-flexibles-en-Mexico.webp","type":"image\/webp"}],"author":"admin","twitter_card":"summary_large_image","twitter_misc":{"Written by":"admin","Est. reading time":"2 minutes"},"schema":{"@context":"https:\/\/schema.org","@graph":[{"@type":"Article","@id":"https:\/\/aldea.work\/tendencias-2026-para-espacios-de-trabajo-flexibles-en-mexico\/#article","isPartOf":{"@id":"https:\/\/aldea.work\/tendencias-2026-para-espacios-de-trabajo-flexibles-en-mexico\/"},"author":{"name":"admin","@id":"https:\/\/aldea.work\/#\/schema\/person\/4bd7f8d004eede99705f7fad40a680d7"},"headline":"Tendencias 2026 para espacios de trabajo flexibles en M\u00e9xico","datePublished":"2025-11-13T14:49:40+00:00","dateModified":"2026-02-04T16:35:38+00:00","mainEntityOfPage":{"@id":"https:\/\/aldea.work\/tendencias-2026-para-espacios-de-trabajo-flexibles-en-mexico\/"},"wordCount":328,"publisher":{"@id":"https:\/\/aldea.work\/#organization"},"image":{"@id":"https:\/\/aldea.work\/tendencias-2026-para-espacios-de-trabajo-flexibles-en-mexico\/#primaryimage"},"thumbnailUrl":"https:\/\/aldea.work\/wp-content\/uploads\/2025\/04\/Tendencias-2026-para-espacios-de-trabajo-flexibles-en-Mexico.webp","articleSection":["Casos y empresas"],"inLanguage":"en-US"},{"@type":"WebPage","@id":"https:\/\/aldea.work\/tendencias-2026-para-espacios-de-trabajo-flexibles-en-mexico\/","url":"https:\/\/aldea.work\/tendencias-2026-para-espacios-de-trabajo-flexibles-en-mexico\/","name":"Ventajas de trabajar en un entorno colaborativ - Aldea Work","isPartOf":{"@id":"https:\/\/aldea.work\/#website"},"primaryImageOfPage":{"@id":"https:\/\/aldea.work\/tendencias-2026-para-espacios-de-trabajo-flexibles-en-mexico\/#primaryimage"},"image":{"@id":"https:\/\/aldea.work\/tendencias-2026-para-espacios-de-trabajo-flexibles-en-mexico\/#primaryimage"},"thumbnailUrl":"https:\/\/aldea.work\/wp-content\/uploads\/2025\/04\/Tendencias-2026-para-espacios-de-trabajo-flexibles-en-Mexico.webp","datePublished":"2025-11-13T14:49:40+00:00","dateModified":"2026-02-04T16:35:38+00:00","description":"Un entorno colaborativo fomenta el intercambio de ideas y conocimientos entre profesionales de distintas \u00e1reas.","breadcrumb":{"@id":"https:\/\/aldea.work\/tendencias-2026-para-espacios-de-trabajo-flexibles-en-mexico\/#breadcrumb"},"inLanguage":"en-US","potentialAction":[{"@type":"ReadAction","target":["https:\/\/aldea.work\/tendencias-2026-para-espacios-de-trabajo-flexibles-en-mexico\/"]}]},{"@type":"ImageObject","inLanguage":"en-US","@id":"https:\/\/aldea.work\/tendencias-2026-para-espacios-de-trabajo-flexibles-en-mexico\/#primaryimage","url":"https:\/\/aldea.work\/wp-content\/uploads\/2025\/04\/Tendencias-2026-para-espacios-de-trabajo-flexibles-en-Mexico.webp","contentUrl":"https:\/\/aldea.work\/wp-content\/uploads\/2025\/04\/Tendencias-2026-para-espacios-de-trabajo-flexibles-en-Mexico.webp","width":1200,"height":676},{"@type":"BreadcrumbList","@id":"https:\/\/aldea.work\/tendencias-2026-para-espacios-de-trabajo-flexibles-en-mexico\/#breadcrumb","itemListElement":[{"@type":"ListItem","position":1,"name":"Portada","item":"https:\/\/aldea.work\/"},{"@type":"ListItem","position":2,"name":"Tendencias 2026 para espacios de trabajo flexibles en M\u00e9xico"}]},{"@type":"WebSite","@id":"https:\/\/aldea.work\/#website","url":"https:\/\/aldea.work\/","name":"Aldea","description":"Coworking moderno y oficinas en renta en Aguascalientes norte.","publisher":{"@id":"https:\/\/aldea.work\/#organization"},"potentialAction":[{"@type":"SearchAction","target":{"@type":"EntryPoint","urlTemplate":"https:\/\/aldea.work\/?s={search_term_string}"},"query-input":{"@type":"PropertyValueSpecification","valueRequired":true,"valueName":"search_term_string"}}],"inLanguage":"en-US"},{"@type":"Organization","@id":"https:\/\/aldea.work\/#organization","name":"Aldea","url":"https:\/\/aldea.work\/","logo":{"@type":"ImageObject","inLanguage":"en-US","@id":"https:\/\/aldea.work\/#\/schema\/logo\/image\/","url":"https:\/\/aldea.work\/wp-content\/uploads\/2025\/04\/LOGO-ALDEA-AZUL.svg","contentUrl":"https:\/\/aldea.work\/wp-content\/uploads\/2025\/04\/LOGO-ALDEA-AZUL.svg","caption":"Aldea"},"image":{"@id":"https:\/\/aldea.work\/#\/schema\/logo\/image\/"}},{"@type":"Person","@id":"https:\/\/aldea.work\/#\/schema\/person\/4bd7f8d004eede99705f7fad40a680d7","name":"admin","image":{"@type":"ImageObject","inLanguage":"en-US","@id":"https:\/\/aldea.work\/#\/schema\/person\/image\/","url":"https:\/\/secure.gravatar.com\/avatar\/6becce79bfc565427e91ade0cd18e6f3923c93fa521dfb28cc57275fa9e10d34?s=96&d=mm&r=g","contentUrl":"https:\/\/secure.gravatar.com\/avatar\/6becce79bfc565427e91ade0cd18e6f3923c93fa521dfb28cc57275fa9e10d34?s=96&d=mm&r=g","caption":"admin"},"sameAs":["https:\/\/aldea.work"],"url":"https:\/\/aldea.work\/en\/author\/aldea\/"}]}},"acf":[],"_links":{"self":[{"href":"https:\/\/aldea.work\/en\/wp-json\/wp\/v2\/posts\/13912","targetHints":{"allow":["GET"]}}],"collection":[{"href":"https:\/\/aldea.work\/en\/wp-json\/wp\/v2\/posts"}],"about":[{"href":"https:\/\/aldea.work\/en\/wp-json\/wp\/v2\/types\/post"}],"author":[{"embeddable":true,"href":"https:\/\/aldea.work\/en\/wp-json\/wp\/v2\/users\/1"}],"replies":[{"embeddable":true,"href":"https:\/\/aldea.work\/en\/wp-json\/wp\/v2\/comments?post=13912"}],"version-history":[{"count":0,"href":"https:\/\/aldea.work\/en\/wp-json\/wp\/v2\/posts\/13912\/revisions"}],"wp:featuredmedia":[{"embeddable":true,"href":"https:\/\/aldea.work\/en\/wp-json\/wp\/v2\/media\/13923"}],"wp:attachment":[{"href":"https:\/\/aldea.work\/en\/wp-json\/wp\/v2\/media?parent=13912"}],"wp:term":[{"taxonomy":"category","embeddable":true,"href":"https:\/\/aldea.work\/en\/wp-json\/wp\/v2\/categories?post=13912"},{"taxonomy":"post_tag","embeddable":true,"href":"https:\/\/aldea.work\/en\/wp-json\/wp\/v2\/tags?post=13912"}],"curies":[{"name":"wp","href":"https:\/\/api.w.org\/{rel}","templated":true}]}}