{"id":13973,"date":"2026-02-10T05:23:46","date_gmt":"2026-02-10T05:23:46","guid":{"rendered":"https:\/\/aldea.work\/?p=13973"},"modified":"2026-02-16T13:36:47","modified_gmt":"2026-02-16T13:36:47","slug":"guia-para-elegir-el-espacio-de-trabajo-ideal-para-tu-empresa-en-2025","status":"publish","type":"post","link":"https:\/\/aldea.work\/en\/guia-para-elegir-el-espacio-de-trabajo-ideal-para-tu-empresa-en-2025\/","title":{"rendered":"Gu\u00eda para elegir el espacio de trabajo ideal para tu empresa en 2025"},"content":{"rendered":"<div data-elementor-type=\"wp-post\" data-elementor-id=\"13973\" class=\"elementor elementor-13973\">\n\t\t\t\t<div class=\"elementor-element elementor-element-b433410 e-flex e-con-boxed wpr-particle-no wpr-jarallax-no wpr-parallax-no wpr-sticky-section-no e-con e-parent\" data-id=\"b433410\" data-element_type=\"container\" data-e-type=\"container\">\n\t\t\t\t\t<div class=\"e-con-inner\">\n\t\t\t\t<div class=\"elementor-element elementor-element-3916839b elementor-widget elementor-widget-text-editor\" data-id=\"3916839b\" data-element_type=\"widget\" data-e-type=\"widget\" data-widget_type=\"text-editor.default\">\n\t\t\t\t\t\t\t\t\t<h2>Elegir un espacio de trabajo no es elegir cuatro paredes, es elegir el ritmo de tu equipo.<\/h2><h4><br data-start=\"718\" data-end=\"721\" \/>La energ\u00eda que se respira.<br data-start=\"747\" data-end=\"750\" \/>La forma en que las ideas se cruzan.<\/h4><p data-start=\"788\" data-end=\"1057\">En 2025, las empresas ya no buscan solo oficinas; buscan entornos que acompa\u00f1en su crecimiento, que se adapten, que respiren con ellas. Porque el espacio influye m\u00e1s de lo que parece. Influye en c\u00f3mo se colabora, en c\u00f3mo se lidera, en c\u00f3mo se siente llegar cada ma\u00f1ana.<\/p><p data-start=\"1059\" data-end=\"1152\">Muchas decisiones empresariales se toman con n\u00fameros. Esta tambi\u00e9n deber\u00eda incluir emociones.<\/p><p data-start=\"1154\" data-end=\"1461\">Hay empresas que eligen <strong>oficinas tradicionales<\/strong> buscando estabilidad. Y hay otras que entienden que la estabilidad hoy se parece m\u00e1s a la flexibilidad. Los contratos largos pueden parecer seguridad, pero tambi\u00e9n pueden convertirse en peso cuando el mercado cambia, el equipo crece o la estrategia evoluciona.<\/p><p data-start=\"1463\" data-end=\"1679\">Un <strong>espacio flexible<\/strong>, en cambio, se mueve contigo. Crece cuando t\u00fa creces. Se ajusta cuando necesitas reconfigurar. Te permite enfocarte en tu negocio sin distraerte en mobiliario, mantenimiento o contratos complejos.<\/p><p data-start=\"1681\" data-end=\"1727\">Pero m\u00e1s all\u00e1 de la log\u00edstica, est\u00e1 el equipo.<\/p><p data-start=\"1729\" data-end=\"1997\">Un entorno luminoso, c\u00f3modo y bien dise\u00f1ado no es un lujo; es una herramienta. Las conversaciones fluyen distinto cuando el espacio invita. Las reuniones son m\u00e1s productivas cuando el ambiente acompa\u00f1a. Incluso el \u00e1nimo cambia cuando el trabajo no se siente encerrado.<\/p><p data-start=\"1999\" data-end=\"2221\">La <strong>ubicaci\u00f3n<\/strong> tambi\u00e9n habla. No solo se trata de cercan\u00eda, sino de contexto. Estar en una zona activa, bien conectada, rodeada de movimiento empresarial, eleva la percepci\u00f3n de tu marca y facilita la vida diaria del equipo.<\/p><p data-start=\"2223\" data-end=\"2470\">Y luego est\u00e1 el <strong>costo real<\/strong>. No el que aparece en el anuncio, sino el que se suma en servicios, limpieza, internet, recepci\u00f3n, mantenimiento. A veces lo m\u00e1s barato termina siendo lo m\u00e1s caro. Y lo que parece inversi\u00f3n termina siendo simplificaci\u00f3n.<\/p><p data-start=\"2472\" data-end=\"2625\"><strong>Elegir el espacio correcto es preguntarte:<\/strong><\/p><p data-start=\"2472\" data-end=\"2625\">\u00bfD\u00f3nde trabaja mejor mi equipo?<br data-start=\"2548\" data-end=\"2551\" \/>\u00bfD\u00f3nde se siente motivado?<br data-start=\"2577\" data-end=\"2580\" \/>\u00bfD\u00f3nde puede concentrarse y tambi\u00e9n conectar?<\/p><p data-start=\"2627\" data-end=\"2703\">Porque al final, no se trata de metros cuadrados.<br data-start=\"2676\" data-end=\"2679\" \/>Se trata de crecimiento.<\/p><h3 data-start=\"2710\" data-end=\"2719\">CTA<\/h3><p><strong data-start=\"2720\" data-end=\"2794\">Si est\u00e1s evaluando tu pr\u00f3ximo espacio de trabajo, hazlo con intenci\u00f3n.<\/strong><br data-start=\"2794\" data-end=\"2797\" \/>Descubre c\u00f3mo en Aldea Networking dise\u00f1amos entornos pensados para crecer contigo.<\/p><h5><strong><a href=\"https:\/\/aldea.work\/en\/lo-que-ofrecemos\/\">Conoce lo que ofrecemos<\/a>\u00a0<\/strong><\/h5>\t\t\t\t\t\t\t\t<\/div>\n\t\t\t\t\t<\/div>\n\t\t\t\t<\/div>\n\t\t\t\t<\/div>","protected":false},"excerpt":{"rendered":"<p>Elegir un espacio de trabajo no es elegir cuatro paredes, es elegir el ritmo de tu equipo. La energ\u00eda que se respira.La forma en que las ideas se cruzan. En 2025, las empresas ya no buscan solo oficinas; buscan entornos que acompa\u00f1en su crecimiento, que se adapten, que respiren con ellas. Porque el espacio influye m\u00e1s de lo que parece. Influye en c\u00f3mo se colabora, en c\u00f3mo se lidera, en c\u00f3mo se siente llegar cada ma\u00f1ana. Muchas decisiones empresariales se toman con n\u00fameros. Esta tambi\u00e9n deber\u00eda incluir emociones. Hay empresas que eligen oficinas tradicionales buscando estabilidad. Y hay otras que entienden que la estabilidad hoy se parece m\u00e1s a la flexibilidad. Los contratos largos pueden parecer seguridad, pero tambi\u00e9n pueden convertirse en peso cuando el mercado cambia, el equipo crece o la estrategia evoluciona. Un espacio flexible, en cambio, se mueve contigo. Crece cuando t\u00fa creces. Se ajusta cuando necesitas reconfigurar. Te permite enfocarte en tu negocio sin distraerte en mobiliario, mantenimiento o contratos complejos. Pero m\u00e1s all\u00e1 de la log\u00edstica, est\u00e1 el equipo. Un entorno luminoso, c\u00f3modo y bien dise\u00f1ado no es un lujo; es una herramienta. Las conversaciones fluyen distinto cuando el espacio invita. Las reuniones son m\u00e1s productivas cuando el ambiente acompa\u00f1a. Incluso el \u00e1nimo cambia cuando el trabajo no se siente encerrado. La ubicaci\u00f3n tambi\u00e9n habla. No solo se trata de cercan\u00eda, sino de contexto. Estar en una zona activa, bien conectada, rodeada de movimiento empresarial, eleva la percepci\u00f3n de tu marca y facilita la vida diaria del equipo. Y luego est\u00e1 el costo real. No el que aparece en el anuncio, sino el que se suma en servicios, limpieza, internet, recepci\u00f3n, mantenimiento. A veces lo m\u00e1s barato termina siendo lo m\u00e1s caro. Y lo que parece inversi\u00f3n termina siendo simplificaci\u00f3n. Elegir el espacio correcto es preguntarte: \u00bfD\u00f3nde trabaja mejor mi equipo?\u00bfD\u00f3nde se siente motivado?\u00bfD\u00f3nde puede concentrarse y tambi\u00e9n conectar? Porque al final, no se trata de metros cuadrados.Se trata de crecimiento. CTA Si est\u00e1s evaluando tu pr\u00f3ximo espacio de trabajo, hazlo con intenci\u00f3n.Descubre c\u00f3mo en Aldea Networking dise\u00f1amos entornos pensados para crecer contigo. Conoce lo que ofrecemos\u00a0<\/p>","protected":false},"author":1,"featured_media":11518,"comment_status":"closed","ping_status":"closed","sticky":false,"template":"","format":"standard","meta":{"_acf_changed":false,"_joinchat":[],"footnotes":""},"categories":[37],"tags":[],"class_list":["post-13973","post","type-post","status-publish","format-standard","has-post-thumbnail","hentry","category-guia-y-recursos"],"yoast_head":"<!-- This site is optimized with the Yoast SEO plugin v26.9 - https:\/\/yoast.com\/product\/yoast-seo-wordpress\/ -->\n<title>Ventajas de trabajar en un entorno colaborativ - Aldea Work<\/title>\n<meta name=\"description\" content=\"Un entorno colaborativo fomenta el intercambio de ideas y conocimientos entre profesionales de distintas \u00e1reas.\" \/>\n<meta name=\"robots\" content=\"index, follow, max-snippet:-1, max-image-preview:large, max-video-preview:-1\" \/>\n<link rel=\"canonical\" href=\"https:\/\/aldea.work\/en\/guia-para-elegir-el-espacio-de-trabajo-ideal-para-tu-empresa-en-2025\/\" \/>\n<meta property=\"og:locale\" content=\"en_US\" \/>\n<meta property=\"og:type\" content=\"article\" \/>\n<meta property=\"og:title\" content=\"Ventajas de trabajar en un entorno colaborativ - Aldea Work\" \/>\n<meta property=\"og:description\" content=\"Un entorno colaborativo fomenta el intercambio de ideas y conocimientos entre profesionales de distintas \u00e1reas.\" \/>\n<meta property=\"og:url\" content=\"https:\/\/aldea.work\/en\/guia-para-elegir-el-espacio-de-trabajo-ideal-para-tu-empresa-en-2025\/\" \/>\n<meta property=\"og:site_name\" content=\"Aldea\" \/>\n<meta property=\"article:published_time\" content=\"2026-02-10T05:23:46+00:00\" \/>\n<meta property=\"article:modified_time\" content=\"2026-02-16T13:36:47+00:00\" \/>\n<meta property=\"og:image\" content=\"https:\/\/aldea.work\/wp-content\/uploads\/2025\/07\/5-4-e1756141198744.webp\" \/>\n\t<meta property=\"og:image:width\" content=\"1200\" \/>\n\t<meta property=\"og:image:height\" content=\"676\" \/>\n\t<meta property=\"og:image:type\" content=\"image\/webp\" \/>\n<meta name=\"author\" content=\"admin\" \/>\n<meta name=\"twitter:card\" content=\"summary_large_image\" \/>\n<meta name=\"twitter:label1\" content=\"Written by\" \/>\n\t<meta name=\"twitter:data1\" content=\"admin\" \/>\n\t<meta name=\"twitter:label2\" content=\"Est. reading time\" \/>\n\t<meta name=\"twitter:data2\" content=\"2 minutes\" \/>\n<script type=\"application\/ld+json\" class=\"yoast-schema-graph\">{\"@context\":\"https:\/\/schema.org\",\"@graph\":[{\"@type\":\"Article\",\"@id\":\"https:\/\/aldea.work\/guia-para-elegir-el-espacio-de-trabajo-ideal-para-tu-empresa-en-2025\/#article\",\"isPartOf\":{\"@id\":\"https:\/\/aldea.work\/guia-para-elegir-el-espacio-de-trabajo-ideal-para-tu-empresa-en-2025\/\"},\"author\":{\"name\":\"admin\",\"@id\":\"https:\/\/aldea.work\/#\/schema\/person\/4bd7f8d004eede99705f7fad40a680d7\"},\"headline\":\"Gu\u00eda para elegir el espacio de trabajo ideal para tu empresa en 2025\",\"datePublished\":\"2026-02-10T05:23:46+00:00\",\"dateModified\":\"2026-02-16T13:36:47+00:00\",\"mainEntityOfPage\":{\"@id\":\"https:\/\/aldea.work\/guia-para-elegir-el-espacio-de-trabajo-ideal-para-tu-empresa-en-2025\/\"},\"wordCount\":405,\"publisher\":{\"@id\":\"https:\/\/aldea.work\/#organization\"},\"image\":{\"@id\":\"https:\/\/aldea.work\/guia-para-elegir-el-espacio-de-trabajo-ideal-para-tu-empresa-en-2025\/#primaryimage\"},\"thumbnailUrl\":\"https:\/\/aldea.work\/wp-content\/uploads\/2025\/07\/5-4-e1756141198744.webp\",\"articleSection\":[\"Gu\u00edas y recursos\"],\"inLanguage\":\"en-US\"},{\"@type\":\"WebPage\",\"@id\":\"https:\/\/aldea.work\/guia-para-elegir-el-espacio-de-trabajo-ideal-para-tu-empresa-en-2025\/\",\"url\":\"https:\/\/aldea.work\/guia-para-elegir-el-espacio-de-trabajo-ideal-para-tu-empresa-en-2025\/\",\"name\":\"Ventajas de trabajar en un entorno colaborativ - Aldea Work\",\"isPartOf\":{\"@id\":\"https:\/\/aldea.work\/#website\"},\"primaryImageOfPage\":{\"@id\":\"https:\/\/aldea.work\/guia-para-elegir-el-espacio-de-trabajo-ideal-para-tu-empresa-en-2025\/#primaryimage\"},\"image\":{\"@id\":\"https:\/\/aldea.work\/guia-para-elegir-el-espacio-de-trabajo-ideal-para-tu-empresa-en-2025\/#primaryimage\"},\"thumbnailUrl\":\"https:\/\/aldea.work\/wp-content\/uploads\/2025\/07\/5-4-e1756141198744.webp\",\"datePublished\":\"2026-02-10T05:23:46+00:00\",\"dateModified\":\"2026-02-16T13:36:47+00:00\",\"description\":\"Un entorno colaborativo fomenta el intercambio de ideas y conocimientos entre profesionales de distintas \u00e1reas.\",\"breadcrumb\":{\"@id\":\"https:\/\/aldea.work\/guia-para-elegir-el-espacio-de-trabajo-ideal-para-tu-empresa-en-2025\/#breadcrumb\"},\"inLanguage\":\"en-US\",\"potentialAction\":[{\"@type\":\"ReadAction\",\"target\":[\"https:\/\/aldea.work\/guia-para-elegir-el-espacio-de-trabajo-ideal-para-tu-empresa-en-2025\/\"]}]},{\"@type\":\"ImageObject\",\"inLanguage\":\"en-US\",\"@id\":\"https:\/\/aldea.work\/guia-para-elegir-el-espacio-de-trabajo-ideal-para-tu-empresa-en-2025\/#primaryimage\",\"url\":\"https:\/\/aldea.work\/wp-content\/uploads\/2025\/07\/5-4-e1756141198744.webp\",\"contentUrl\":\"https:\/\/aldea.work\/wp-content\/uploads\/2025\/07\/5-4-e1756141198744.webp\",\"width\":1200,\"height\":676},{\"@type\":\"BreadcrumbList\",\"@id\":\"https:\/\/aldea.work\/guia-para-elegir-el-espacio-de-trabajo-ideal-para-tu-empresa-en-2025\/#breadcrumb\",\"itemListElement\":[{\"@type\":\"ListItem\",\"position\":1,\"name\":\"Portada\",\"item\":\"https:\/\/aldea.work\/\"},{\"@type\":\"ListItem\",\"position\":2,\"name\":\"Gu\u00eda para elegir el espacio de trabajo ideal para tu empresa en 2025\"}]},{\"@type\":\"WebSite\",\"@id\":\"https:\/\/aldea.work\/#website\",\"url\":\"https:\/\/aldea.work\/\",\"name\":\"Aldea\",\"description\":\"Coworking moderno y oficinas en renta en Aguascalientes norte.\",\"publisher\":{\"@id\":\"https:\/\/aldea.work\/#organization\"},\"potentialAction\":[{\"@type\":\"SearchAction\",\"target\":{\"@type\":\"EntryPoint\",\"urlTemplate\":\"https:\/\/aldea.work\/?s={search_term_string}\"},\"query-input\":{\"@type\":\"PropertyValueSpecification\",\"valueRequired\":true,\"valueName\":\"search_term_string\"}}],\"inLanguage\":\"en-US\"},{\"@type\":\"Organization\",\"@id\":\"https:\/\/aldea.work\/#organization\",\"name\":\"Aldea\",\"url\":\"https:\/\/aldea.work\/\",\"logo\":{\"@type\":\"ImageObject\",\"inLanguage\":\"en-US\",\"@id\":\"https:\/\/aldea.work\/#\/schema\/logo\/image\/\",\"url\":\"https:\/\/aldea.work\/wp-content\/uploads\/2025\/04\/LOGO-ALDEA-AZUL.svg\",\"contentUrl\":\"https:\/\/aldea.work\/wp-content\/uploads\/2025\/04\/LOGO-ALDEA-AZUL.svg\",\"caption\":\"Aldea\"},\"image\":{\"@id\":\"https:\/\/aldea.work\/#\/schema\/logo\/image\/\"}},{\"@type\":\"Person\",\"@id\":\"https:\/\/aldea.work\/#\/schema\/person\/4bd7f8d004eede99705f7fad40a680d7\",\"name\":\"admin\",\"image\":{\"@type\":\"ImageObject\",\"inLanguage\":\"en-US\",\"@id\":\"https:\/\/aldea.work\/#\/schema\/person\/image\/\",\"url\":\"https:\/\/secure.gravatar.com\/avatar\/6becce79bfc565427e91ade0cd18e6f3923c93fa521dfb28cc57275fa9e10d34?s=96&d=mm&r=g\",\"contentUrl\":\"https:\/\/secure.gravatar.com\/avatar\/6becce79bfc565427e91ade0cd18e6f3923c93fa521dfb28cc57275fa9e10d34?s=96&d=mm&r=g\",\"caption\":\"admin\"},\"sameAs\":[\"https:\/\/aldea.work\"],\"url\":\"https:\/\/aldea.work\/en\/author\/aldea\/\"}]}<\/script>\n<!-- \/ Yoast SEO plugin. -->","yoast_head_json":{"title":"Ventajas de trabajar en un entorno colaborativ - Aldea Work","description":"Un entorno colaborativo fomenta el intercambio de ideas y conocimientos entre profesionales de distintas \u00e1reas.","robots":{"index":"index","follow":"follow","max-snippet":"max-snippet:-1","max-image-preview":"max-image-preview:large","max-video-preview":"max-video-preview:-1"},"canonical":"https:\/\/aldea.work\/en\/guia-para-elegir-el-espacio-de-trabajo-ideal-para-tu-empresa-en-2025\/","og_locale":"en_US","og_type":"article","og_title":"Ventajas de trabajar en un entorno colaborativ - Aldea Work","og_description":"Un entorno colaborativo fomenta el intercambio de ideas y conocimientos entre profesionales de distintas \u00e1reas.","og_url":"https:\/\/aldea.work\/en\/guia-para-elegir-el-espacio-de-trabajo-ideal-para-tu-empresa-en-2025\/","og_site_name":"Aldea","article_published_time":"2026-02-10T05:23:46+00:00","article_modified_time":"2026-02-16T13:36:47+00:00","og_image":[{"width":1200,"height":676,"url":"https:\/\/aldea.work\/wp-content\/uploads\/2025\/07\/5-4-e1756141198744.webp","type":"image\/webp"}],"author":"admin","twitter_card":"summary_large_image","twitter_misc":{"Written by":"admin","Est. reading time":"2 minutes"},"schema":{"@context":"https:\/\/schema.org","@graph":[{"@type":"Article","@id":"https:\/\/aldea.work\/guia-para-elegir-el-espacio-de-trabajo-ideal-para-tu-empresa-en-2025\/#article","isPartOf":{"@id":"https:\/\/aldea.work\/guia-para-elegir-el-espacio-de-trabajo-ideal-para-tu-empresa-en-2025\/"},"author":{"name":"admin","@id":"https:\/\/aldea.work\/#\/schema\/person\/4bd7f8d004eede99705f7fad40a680d7"},"headline":"Gu\u00eda para elegir el espacio de trabajo ideal para tu empresa en 2025","datePublished":"2026-02-10T05:23:46+00:00","dateModified":"2026-02-16T13:36:47+00:00","mainEntityOfPage":{"@id":"https:\/\/aldea.work\/guia-para-elegir-el-espacio-de-trabajo-ideal-para-tu-empresa-en-2025\/"},"wordCount":405,"publisher":{"@id":"https:\/\/aldea.work\/#organization"},"image":{"@id":"https:\/\/aldea.work\/guia-para-elegir-el-espacio-de-trabajo-ideal-para-tu-empresa-en-2025\/#primaryimage"},"thumbnailUrl":"https:\/\/aldea.work\/wp-content\/uploads\/2025\/07\/5-4-e1756141198744.webp","articleSection":["Gu\u00edas y recursos"],"inLanguage":"en-US"},{"@type":"WebPage","@id":"https:\/\/aldea.work\/guia-para-elegir-el-espacio-de-trabajo-ideal-para-tu-empresa-en-2025\/","url":"https:\/\/aldea.work\/guia-para-elegir-el-espacio-de-trabajo-ideal-para-tu-empresa-en-2025\/","name":"Ventajas de trabajar en un entorno colaborativ - Aldea Work","isPartOf":{"@id":"https:\/\/aldea.work\/#website"},"primaryImageOfPage":{"@id":"https:\/\/aldea.work\/guia-para-elegir-el-espacio-de-trabajo-ideal-para-tu-empresa-en-2025\/#primaryimage"},"image":{"@id":"https:\/\/aldea.work\/guia-para-elegir-el-espacio-de-trabajo-ideal-para-tu-empresa-en-2025\/#primaryimage"},"thumbnailUrl":"https:\/\/aldea.work\/wp-content\/uploads\/2025\/07\/5-4-e1756141198744.webp","datePublished":"2026-02-10T05:23:46+00:00","dateModified":"2026-02-16T13:36:47+00:00","description":"Un entorno colaborativo fomenta el intercambio de ideas y conocimientos entre profesionales de distintas \u00e1reas.","breadcrumb":{"@id":"https:\/\/aldea.work\/guia-para-elegir-el-espacio-de-trabajo-ideal-para-tu-empresa-en-2025\/#breadcrumb"},"inLanguage":"en-US","potentialAction":[{"@type":"ReadAction","target":["https:\/\/aldea.work\/guia-para-elegir-el-espacio-de-trabajo-ideal-para-tu-empresa-en-2025\/"]}]},{"@type":"ImageObject","inLanguage":"en-US","@id":"https:\/\/aldea.work\/guia-para-elegir-el-espacio-de-trabajo-ideal-para-tu-empresa-en-2025\/#primaryimage","url":"https:\/\/aldea.work\/wp-content\/uploads\/2025\/07\/5-4-e1756141198744.webp","contentUrl":"https:\/\/aldea.work\/wp-content\/uploads\/2025\/07\/5-4-e1756141198744.webp","width":1200,"height":676},{"@type":"BreadcrumbList","@id":"https:\/\/aldea.work\/guia-para-elegir-el-espacio-de-trabajo-ideal-para-tu-empresa-en-2025\/#breadcrumb","itemListElement":[{"@type":"ListItem","position":1,"name":"Portada","item":"https:\/\/aldea.work\/"},{"@type":"ListItem","position":2,"name":"Gu\u00eda para elegir el espacio de trabajo ideal para tu empresa en 2025"}]},{"@type":"WebSite","@id":"https:\/\/aldea.work\/#website","url":"https:\/\/aldea.work\/","name":"Aldea","description":"Coworking moderno y oficinas en renta en Aguascalientes norte.","publisher":{"@id":"https:\/\/aldea.work\/#organization"},"potentialAction":[{"@type":"SearchAction","target":{"@type":"EntryPoint","urlTemplate":"https:\/\/aldea.work\/?s={search_term_string}"},"query-input":{"@type":"PropertyValueSpecification","valueRequired":true,"valueName":"search_term_string"}}],"inLanguage":"en-US"},{"@type":"Organization","@id":"https:\/\/aldea.work\/#organization","name":"Aldea","url":"https:\/\/aldea.work\/","logo":{"@type":"ImageObject","inLanguage":"en-US","@id":"https:\/\/aldea.work\/#\/schema\/logo\/image\/","url":"https:\/\/aldea.work\/wp-content\/uploads\/2025\/04\/LOGO-ALDEA-AZUL.svg","contentUrl":"https:\/\/aldea.work\/wp-content\/uploads\/2025\/04\/LOGO-ALDEA-AZUL.svg","caption":"Aldea"},"image":{"@id":"https:\/\/aldea.work\/#\/schema\/logo\/image\/"}},{"@type":"Person","@id":"https:\/\/aldea.work\/#\/schema\/person\/4bd7f8d004eede99705f7fad40a680d7","name":"admin","image":{"@type":"ImageObject","inLanguage":"en-US","@id":"https:\/\/aldea.work\/#\/schema\/person\/image\/","url":"https:\/\/secure.gravatar.com\/avatar\/6becce79bfc565427e91ade0cd18e6f3923c93fa521dfb28cc57275fa9e10d34?s=96&d=mm&r=g","contentUrl":"https:\/\/secure.gravatar.com\/avatar\/6becce79bfc565427e91ade0cd18e6f3923c93fa521dfb28cc57275fa9e10d34?s=96&d=mm&r=g","caption":"admin"},"sameAs":["https:\/\/aldea.work"],"url":"https:\/\/aldea.work\/en\/author\/aldea\/"}]}},"acf":[],"_links":{"self":[{"href":"https:\/\/aldea.work\/en\/wp-json\/wp\/v2\/posts\/13973","targetHints":{"allow":["GET"]}}],"collection":[{"href":"https:\/\/aldea.work\/en\/wp-json\/wp\/v2\/posts"}],"about":[{"href":"https:\/\/aldea.work\/en\/wp-json\/wp\/v2\/types\/post"}],"author":[{"embeddable":true,"href":"https:\/\/aldea.work\/en\/wp-json\/wp\/v2\/users\/1"}],"replies":[{"embeddable":true,"href":"https:\/\/aldea.work\/en\/wp-json\/wp\/v2\/comments?post=13973"}],"version-history":[{"count":0,"href":"https:\/\/aldea.work\/en\/wp-json\/wp\/v2\/posts\/13973\/revisions"}],"wp:featuredmedia":[{"embeddable":true,"href":"https:\/\/aldea.work\/en\/wp-json\/wp\/v2\/media\/11518"}],"wp:attachment":[{"href":"https:\/\/aldea.work\/en\/wp-json\/wp\/v2\/media?parent=13973"}],"wp:term":[{"taxonomy":"category","embeddable":true,"href":"https:\/\/aldea.work\/en\/wp-json\/wp\/v2\/categories?post=13973"},{"taxonomy":"post_tag","embeddable":true,"href":"https:\/\/aldea.work\/en\/wp-json\/wp\/v2\/tags?post=13973"}],"curies":[{"name":"wp","href":"https:\/\/api.w.org\/{rel}","templated":true}]}}