{"id":14052,"date":"2026-04-15T23:07:37","date_gmt":"2026-04-15T23:07:37","guid":{"rendered":"https:\/\/aldea.work\/?p=14052"},"modified":"2026-04-17T23:23:06","modified_gmt":"2026-04-17T23:23:06","slug":"innovacion-empresarial-en-2025-por-que-el-espacio-de-trabajo-define-el-crecimiento","status":"publish","type":"post","link":"https:\/\/aldea.work\/en\/innovacion-empresarial-en-2025-por-que-el-espacio-de-trabajo-define-el-crecimiento\/","title":{"rendered":"Innovaci\u00f3n empresarial en 2025: por qu\u00e9 el espacio de trabajo define el crecimiento"},"content":{"rendered":"<div data-elementor-type=\"wp-post\" data-elementor-id=\"14052\" class=\"elementor elementor-14052\">\n\t\t\t\t<div class=\"elementor-element elementor-element-b433410 e-flex e-con-boxed wpr-particle-no wpr-jarallax-no wpr-parallax-no wpr-sticky-section-no e-con e-parent\" data-id=\"b433410\" data-element_type=\"container\" data-e-type=\"container\">\n\t\t\t\t\t<div class=\"e-con-inner\">\n\t\t\t\t<div class=\"elementor-element elementor-element-3916839b elementor-widget elementor-widget-text-editor\" data-id=\"3916839b\" data-element_type=\"widget\" data-e-type=\"widget\" data-widget_type=\"text-editor.default\">\n\t\t\t\t\t\t\t\t\t<h1><strong>Innovaci\u00f3n empresarial en 2025: por qu\u00e9 el espacio de trabajo define el crecimiento<\/strong><\/h1><p data-start=\"879\" data-end=\"954\">La innovaci\u00f3n empresarial no empieza en una junta.<br data-start=\"929\" data-end=\"932\" \/>Empieza en el entorno.<\/p><p data-start=\"956\" data-end=\"1197\">Empieza en c\u00f3mo se cruzan las ideas, en qu\u00e9 tan f\u00e1cil es conversar, en si el espacio invita o limita. Porque aunque muchas empresas invierten en tecnolog\u00eda, procesos y estrategia, siguen trabajando en espacios que no evolucionaron con ellas.<\/p><p data-start=\"1199\" data-end=\"1232\">Y eso, tarde o temprano, se nota.<\/p><p data-start=\"1234\" data-end=\"1427\">Hoy, hablar de <strong data-start=\"1249\" data-end=\"1275\">innovaci\u00f3n empresarial<\/strong> tambi\u00e9n implica hablar de <strong data-start=\"1302\" data-end=\"1335\">espacios de trabajo flexibles<\/strong>, de <strong data-start=\"1340\" data-end=\"1363\">coworking en M\u00e9xico<\/strong>, de entornos que no solo alojan equipos, sino que los impulsan.<\/p><p data-start=\"1429\" data-end=\"1640\">Las empresas que est\u00e1n creciendo en ciudades como <strong data-start=\"1479\" data-end=\"1532\">Le\u00f3n, San Luis Potos\u00ed, Aguascalientes y Quer\u00e9taro<\/strong> est\u00e1n entendiendo algo clave: el espacio de trabajo ya no es un gasto fijo, es una herramienta estrat\u00e9gica.<\/p><p data-start=\"1642\" data-end=\"1864\">En lugar de oficinas r\u00edgidas, cada vez m\u00e1s organizaciones optan por <strong data-start=\"1710\" data-end=\"1737\">membres\u00edas de coworking<\/strong>, <strong data-start=\"1739\" data-end=\"1770\">oficinas privadas flexibles<\/strong> y <strong data-start=\"1773\" data-end=\"1799\">espacios colaborativos<\/strong> que les permiten adaptarse, escalar y operar con mayor agilidad.<\/p><p data-start=\"1866\" data-end=\"1977\">Porque innovar no siempre significa hacer algo nuevo.<br data-start=\"1919\" data-end=\"1922\" \/>A veces significa dejar de hacer lo que ya no funciona.<\/p><p data-start=\"1979\" data-end=\"2267\">Un equipo que trabaja en un entorno din\u00e1mico tiene m\u00e1s probabilidades de generar ideas nuevas. La cercan\u00eda con otros profesionales, el acceso a salas de juntas listas, la posibilidad de cambiar de ambiente durante el d\u00eda\u2026 todo eso impacta directamente en la <strong data-start=\"2237\" data-end=\"2266\">productividad empresarial<\/strong>.<\/p><p data-start=\"2269\" data-end=\"2513\">En espacios como <strong data-start=\"2286\" data-end=\"2306\">Aldea Networking<\/strong>, la innovaci\u00f3n se vuelve parte de la rutina. No es un evento aislado. Es algo que sucede en el d\u00eda a d\u00eda, en la interacci\u00f3n entre empresas, en las conversaciones espont\u00e1neas, en el dise\u00f1o mismo del espacio.<\/p><p data-start=\"2515\" data-end=\"2734\">Las <strong data-start=\"2519\" data-end=\"2546\">membres\u00edas de coworking<\/strong>, los <strong data-start=\"2552\" data-end=\"2576\">escritorios privados<\/strong>, las <strong data-start=\"2582\" data-end=\"2603\">oficinas privadas<\/strong> y las <strong data-start=\"2610\" data-end=\"2629\">salas de juntas<\/strong> permiten que cada empresa encuentre su propio ritmo de trabajo, sin cargar con estructuras innecesarias.<\/p><p data-start=\"2736\" data-end=\"2951\">Y eso se vuelve especialmente relevante en mercados como el Baj\u00edo, donde ciudades como <strong data-start=\"2823\" data-end=\"2876\">Quer\u00e9taro, Le\u00f3n, San Luis Potos\u00ed y Aguascalientes<\/strong> est\u00e1n creciendo r\u00e1pidamente en talento, inversi\u00f3n y actividad empresarial.<\/p><p data-start=\"2953\" data-end=\"3034\">Las empresas que se adaptan a ese ritmo son las que logran mantenerse relevantes.<\/p><p data-start=\"3036\" data-end=\"3123\">Porque al final, la innovaci\u00f3n no depende solo de lo que haces, sino de d\u00f3nde lo haces.<\/p><hr data-start=\"3125\" data-end=\"3128\" \/><h2>CTA<\/h2><p data-start=\"3140\" data-end=\"3377\">Descubre c\u00f3mo las membres\u00edas de coworking, oficinas privadas y espacios flexibles de Aldea Networking est\u00e1n impulsando la innovaci\u00f3n empresarial en Le\u00f3n, San Luis Potos\u00ed, Aguascalientes y Quer\u00e9taro.<\/p><p data-start=\"3140\" data-end=\"3377\"><br data-start=\"3338\" data-end=\"3341\" \/><a href=\"https:\/\/aldea.work\/en\/lo-que-ofrecemos\/\">https:\/\/www.aldeanetworking.com<\/a><\/p><p data-start=\"3379\" data-end=\"3415\">Secci\u00f3n:<a href=\"https:\/\/aldea.work\/en\/category\/innovacion-empresarial\/\"> Innovaci\u00f3n empresarial<\/a><\/p>\t\t\t\t\t\t\t\t<\/div>\n\t\t\t\t\t<\/div>\n\t\t\t\t<\/div>\n\t\t\t\t<\/div>","protected":false},"excerpt":{"rendered":"<p>Innovaci\u00f3n empresarial en 2025: por qu\u00e9 el espacio de trabajo define el crecimiento La innovaci\u00f3n empresarial no empieza en una junta.Empieza en el entorno. Empieza en c\u00f3mo se cruzan las ideas, en qu\u00e9 tan f\u00e1cil es conversar, en si el espacio invita o limita. Porque aunque muchas empresas invierten en tecnolog\u00eda, procesos y estrategia, siguen trabajando en espacios que no evolucionaron con ellas. Y eso, tarde o temprano, se nota. Hoy, hablar de innovaci\u00f3n empresarial tambi\u00e9n implica hablar de espacios de trabajo flexibles, de coworking en M\u00e9xico, de entornos que no solo alojan equipos, sino que los impulsan. Las empresas que est\u00e1n creciendo en ciudades como Le\u00f3n, San Luis Potos\u00ed, Aguascalientes y Quer\u00e9taro est\u00e1n entendiendo algo clave: el espacio de trabajo ya no es un gasto fijo, es una herramienta estrat\u00e9gica. En lugar de oficinas r\u00edgidas, cada vez m\u00e1s organizaciones optan por membres\u00edas de coworking, oficinas privadas flexibles y espacios colaborativos que les permiten adaptarse, escalar y operar con mayor agilidad. Porque innovar no siempre significa hacer algo nuevo.A veces significa dejar de hacer lo que ya no funciona. Un equipo que trabaja en un entorno din\u00e1mico tiene m\u00e1s probabilidades de generar ideas nuevas. La cercan\u00eda con otros profesionales, el acceso a salas de juntas listas, la posibilidad de cambiar de ambiente durante el d\u00eda\u2026 todo eso impacta directamente en la productividad empresarial. En espacios como Aldea Networking, la innovaci\u00f3n se vuelve parte de la rutina. No es un evento aislado. Es algo que sucede en el d\u00eda a d\u00eda, en la interacci\u00f3n entre empresas, en las conversaciones espont\u00e1neas, en el dise\u00f1o mismo del espacio. Las membres\u00edas de coworking, los escritorios privados, las oficinas privadas y las salas de juntas permiten que cada empresa encuentre su propio ritmo de trabajo, sin cargar con estructuras innecesarias. Y eso se vuelve especialmente relevante en mercados como el Baj\u00edo, donde ciudades como Quer\u00e9taro, Le\u00f3n, San Luis Potos\u00ed y Aguascalientes est\u00e1n creciendo r\u00e1pidamente en talento, inversi\u00f3n y actividad empresarial. Las empresas que se adaptan a ese ritmo son las que logran mantenerse relevantes. Porque al final, la innovaci\u00f3n no depende solo de lo que haces, sino de d\u00f3nde lo haces. CTA Descubre c\u00f3mo las membres\u00edas de coworking, oficinas privadas y espacios flexibles de Aldea Networking est\u00e1n impulsando la innovaci\u00f3n empresarial en Le\u00f3n, San Luis Potos\u00ed, Aguascalientes y Quer\u00e9taro. https:\/\/www.aldeanetworking.com Secci\u00f3n: Innovaci\u00f3n empresarial<\/p>","protected":false},"author":1,"featured_media":11518,"comment_status":"closed","ping_status":"closed","sticky":false,"template":"","format":"standard","meta":{"_acf_changed":false,"_joinchat":[],"footnotes":""},"categories":[33],"tags":[],"class_list":["post-14052","post","type-post","status-publish","format-standard","has-post-thumbnail","hentry","category-innovacion-empresarial"],"yoast_head":"<!-- This site is optimized with the Yoast SEO plugin v26.9 - https:\/\/yoast.com\/product\/yoast-seo-wordpress\/ -->\n<title>Ventajas de trabajar en un entorno colaborativ - Aldea Work<\/title>\n<meta name=\"description\" content=\"Un entorno colaborativo fomenta el intercambio de ideas y conocimientos entre profesionales de distintas \u00e1reas.\" \/>\n<meta name=\"robots\" content=\"index, follow, max-snippet:-1, max-image-preview:large, max-video-preview:-1\" \/>\n<link rel=\"canonical\" href=\"https:\/\/aldea.work\/en\/innovacion-empresarial-en-2025-por-que-el-espacio-de-trabajo-define-el-crecimiento\/\" \/>\n<meta property=\"og:locale\" content=\"en_US\" \/>\n<meta property=\"og:type\" content=\"article\" \/>\n<meta property=\"og:title\" content=\"Ventajas de trabajar en un entorno colaborativ - Aldea Work\" \/>\n<meta property=\"og:description\" content=\"Un entorno colaborativo fomenta el intercambio de ideas y conocimientos entre profesionales de distintas \u00e1reas.\" \/>\n<meta property=\"og:url\" content=\"https:\/\/aldea.work\/en\/innovacion-empresarial-en-2025-por-que-el-espacio-de-trabajo-define-el-crecimiento\/\" \/>\n<meta property=\"og:site_name\" content=\"Aldea\" \/>\n<meta property=\"article:published_time\" content=\"2026-04-15T23:07:37+00:00\" \/>\n<meta property=\"article:modified_time\" content=\"2026-04-17T23:23:06+00:00\" \/>\n<meta property=\"og:image\" content=\"https:\/\/aldea.work\/wp-content\/uploads\/2025\/07\/5-4-e1756141198744.webp\" \/>\n\t<meta property=\"og:image:width\" content=\"1200\" \/>\n\t<meta property=\"og:image:height\" content=\"676\" \/>\n\t<meta property=\"og:image:type\" content=\"image\/webp\" \/>\n<meta name=\"author\" content=\"admin\" \/>\n<meta name=\"twitter:card\" content=\"summary_large_image\" \/>\n<meta name=\"twitter:label1\" content=\"Written by\" \/>\n\t<meta name=\"twitter:data1\" content=\"admin\" \/>\n\t<meta name=\"twitter:label2\" content=\"Est. reading time\" \/>\n\t<meta name=\"twitter:data2\" content=\"2 minutes\" \/>\n<script type=\"application\/ld+json\" class=\"yoast-schema-graph\">{\"@context\":\"https:\/\/schema.org\",\"@graph\":[{\"@type\":\"Article\",\"@id\":\"https:\/\/aldea.work\/innovacion-empresarial-en-2025-por-que-el-espacio-de-trabajo-define-el-crecimiento\/#article\",\"isPartOf\":{\"@id\":\"https:\/\/aldea.work\/innovacion-empresarial-en-2025-por-que-el-espacio-de-trabajo-define-el-crecimiento\/\"},\"author\":{\"name\":\"admin\",\"@id\":\"https:\/\/aldea.work\/#\/schema\/person\/4bd7f8d004eede99705f7fad40a680d7\"},\"headline\":\"Innovaci\u00f3n empresarial en 2025: por qu\u00e9 el espacio de trabajo define el crecimiento\",\"datePublished\":\"2026-04-15T23:07:37+00:00\",\"dateModified\":\"2026-04-17T23:23:06+00:00\",\"mainEntityOfPage\":{\"@id\":\"https:\/\/aldea.work\/innovacion-empresarial-en-2025-por-que-el-espacio-de-trabajo-define-el-crecimiento\/\"},\"wordCount\":448,\"publisher\":{\"@id\":\"https:\/\/aldea.work\/#organization\"},\"image\":{\"@id\":\"https:\/\/aldea.work\/innovacion-empresarial-en-2025-por-que-el-espacio-de-trabajo-define-el-crecimiento\/#primaryimage\"},\"thumbnailUrl\":\"https:\/\/aldea.work\/wp-content\/uploads\/2025\/07\/5-4-e1756141198744.webp\",\"articleSection\":[\"Innovaci\u00f3n empresarial\"],\"inLanguage\":\"en-US\"},{\"@type\":\"WebPage\",\"@id\":\"https:\/\/aldea.work\/innovacion-empresarial-en-2025-por-que-el-espacio-de-trabajo-define-el-crecimiento\/\",\"url\":\"https:\/\/aldea.work\/innovacion-empresarial-en-2025-por-que-el-espacio-de-trabajo-define-el-crecimiento\/\",\"name\":\"Ventajas de trabajar en un entorno colaborativ - Aldea Work\",\"isPartOf\":{\"@id\":\"https:\/\/aldea.work\/#website\"},\"primaryImageOfPage\":{\"@id\":\"https:\/\/aldea.work\/innovacion-empresarial-en-2025-por-que-el-espacio-de-trabajo-define-el-crecimiento\/#primaryimage\"},\"image\":{\"@id\":\"https:\/\/aldea.work\/innovacion-empresarial-en-2025-por-que-el-espacio-de-trabajo-define-el-crecimiento\/#primaryimage\"},\"thumbnailUrl\":\"https:\/\/aldea.work\/wp-content\/uploads\/2025\/07\/5-4-e1756141198744.webp\",\"datePublished\":\"2026-04-15T23:07:37+00:00\",\"dateModified\":\"2026-04-17T23:23:06+00:00\",\"description\":\"Un entorno colaborativo fomenta el intercambio de ideas y conocimientos entre profesionales de distintas \u00e1reas.\",\"breadcrumb\":{\"@id\":\"https:\/\/aldea.work\/innovacion-empresarial-en-2025-por-que-el-espacio-de-trabajo-define-el-crecimiento\/#breadcrumb\"},\"inLanguage\":\"en-US\",\"potentialAction\":[{\"@type\":\"ReadAction\",\"target\":[\"https:\/\/aldea.work\/innovacion-empresarial-en-2025-por-que-el-espacio-de-trabajo-define-el-crecimiento\/\"]}]},{\"@type\":\"ImageObject\",\"inLanguage\":\"en-US\",\"@id\":\"https:\/\/aldea.work\/innovacion-empresarial-en-2025-por-que-el-espacio-de-trabajo-define-el-crecimiento\/#primaryimage\",\"url\":\"https:\/\/aldea.work\/wp-content\/uploads\/2025\/07\/5-4-e1756141198744.webp\",\"contentUrl\":\"https:\/\/aldea.work\/wp-content\/uploads\/2025\/07\/5-4-e1756141198744.webp\",\"width\":1200,\"height\":676},{\"@type\":\"BreadcrumbList\",\"@id\":\"https:\/\/aldea.work\/innovacion-empresarial-en-2025-por-que-el-espacio-de-trabajo-define-el-crecimiento\/#breadcrumb\",\"itemListElement\":[{\"@type\":\"ListItem\",\"position\":1,\"name\":\"Portada\",\"item\":\"https:\/\/aldea.work\/\"},{\"@type\":\"ListItem\",\"position\":2,\"name\":\"Innovaci\u00f3n empresarial en 2025: por qu\u00e9 el espacio de trabajo define el crecimiento\"}]},{\"@type\":\"WebSite\",\"@id\":\"https:\/\/aldea.work\/#website\",\"url\":\"https:\/\/aldea.work\/\",\"name\":\"Aldea\",\"description\":\"Coworking moderno y oficinas en renta en Aguascalientes norte.\",\"publisher\":{\"@id\":\"https:\/\/aldea.work\/#organization\"},\"potentialAction\":[{\"@type\":\"SearchAction\",\"target\":{\"@type\":\"EntryPoint\",\"urlTemplate\":\"https:\/\/aldea.work\/?s={search_term_string}\"},\"query-input\":{\"@type\":\"PropertyValueSpecification\",\"valueRequired\":true,\"valueName\":\"search_term_string\"}}],\"inLanguage\":\"en-US\"},{\"@type\":\"Organization\",\"@id\":\"https:\/\/aldea.work\/#organization\",\"name\":\"Aldea\",\"url\":\"https:\/\/aldea.work\/\",\"logo\":{\"@type\":\"ImageObject\",\"inLanguage\":\"en-US\",\"@id\":\"https:\/\/aldea.work\/#\/schema\/logo\/image\/\",\"url\":\"https:\/\/aldea.work\/wp-content\/uploads\/2025\/04\/LOGO-ALDEA-AZUL.svg\",\"contentUrl\":\"https:\/\/aldea.work\/wp-content\/uploads\/2025\/04\/LOGO-ALDEA-AZUL.svg\",\"caption\":\"Aldea\"},\"image\":{\"@id\":\"https:\/\/aldea.work\/#\/schema\/logo\/image\/\"}},{\"@type\":\"Person\",\"@id\":\"https:\/\/aldea.work\/#\/schema\/person\/4bd7f8d004eede99705f7fad40a680d7\",\"name\":\"admin\",\"image\":{\"@type\":\"ImageObject\",\"inLanguage\":\"en-US\",\"@id\":\"https:\/\/aldea.work\/#\/schema\/person\/image\/\",\"url\":\"https:\/\/secure.gravatar.com\/avatar\/6becce79bfc565427e91ade0cd18e6f3923c93fa521dfb28cc57275fa9e10d34?s=96&d=mm&r=g\",\"contentUrl\":\"https:\/\/secure.gravatar.com\/avatar\/6becce79bfc565427e91ade0cd18e6f3923c93fa521dfb28cc57275fa9e10d34?s=96&d=mm&r=g\",\"caption\":\"admin\"},\"sameAs\":[\"https:\/\/aldea.work\"],\"url\":\"https:\/\/aldea.work\/en\/author\/aldea\/\"}]}<\/script>\n<!-- \/ Yoast SEO plugin. -->","yoast_head_json":{"title":"Ventajas de trabajar en un entorno colaborativ - Aldea Work","description":"Un entorno colaborativo fomenta el intercambio de ideas y conocimientos entre profesionales de distintas \u00e1reas.","robots":{"index":"index","follow":"follow","max-snippet":"max-snippet:-1","max-image-preview":"max-image-preview:large","max-video-preview":"max-video-preview:-1"},"canonical":"https:\/\/aldea.work\/en\/innovacion-empresarial-en-2025-por-que-el-espacio-de-trabajo-define-el-crecimiento\/","og_locale":"en_US","og_type":"article","og_title":"Ventajas de trabajar en un entorno colaborativ - Aldea Work","og_description":"Un entorno colaborativo fomenta el intercambio de ideas y conocimientos entre profesionales de distintas \u00e1reas.","og_url":"https:\/\/aldea.work\/en\/innovacion-empresarial-en-2025-por-que-el-espacio-de-trabajo-define-el-crecimiento\/","og_site_name":"Aldea","article_published_time":"2026-04-15T23:07:37+00:00","article_modified_time":"2026-04-17T23:23:06+00:00","og_image":[{"width":1200,"height":676,"url":"https:\/\/aldea.work\/wp-content\/uploads\/2025\/07\/5-4-e1756141198744.webp","type":"image\/webp"}],"author":"admin","twitter_card":"summary_large_image","twitter_misc":{"Written by":"admin","Est. reading time":"2 minutes"},"schema":{"@context":"https:\/\/schema.org","@graph":[{"@type":"Article","@id":"https:\/\/aldea.work\/innovacion-empresarial-en-2025-por-que-el-espacio-de-trabajo-define-el-crecimiento\/#article","isPartOf":{"@id":"https:\/\/aldea.work\/innovacion-empresarial-en-2025-por-que-el-espacio-de-trabajo-define-el-crecimiento\/"},"author":{"name":"admin","@id":"https:\/\/aldea.work\/#\/schema\/person\/4bd7f8d004eede99705f7fad40a680d7"},"headline":"Innovaci\u00f3n empresarial en 2025: por qu\u00e9 el espacio de trabajo define el crecimiento","datePublished":"2026-04-15T23:07:37+00:00","dateModified":"2026-04-17T23:23:06+00:00","mainEntityOfPage":{"@id":"https:\/\/aldea.work\/innovacion-empresarial-en-2025-por-que-el-espacio-de-trabajo-define-el-crecimiento\/"},"wordCount":448,"publisher":{"@id":"https:\/\/aldea.work\/#organization"},"image":{"@id":"https:\/\/aldea.work\/innovacion-empresarial-en-2025-por-que-el-espacio-de-trabajo-define-el-crecimiento\/#primaryimage"},"thumbnailUrl":"https:\/\/aldea.work\/wp-content\/uploads\/2025\/07\/5-4-e1756141198744.webp","articleSection":["Innovaci\u00f3n empresarial"],"inLanguage":"en-US"},{"@type":"WebPage","@id":"https:\/\/aldea.work\/innovacion-empresarial-en-2025-por-que-el-espacio-de-trabajo-define-el-crecimiento\/","url":"https:\/\/aldea.work\/innovacion-empresarial-en-2025-por-que-el-espacio-de-trabajo-define-el-crecimiento\/","name":"Ventajas de trabajar en un entorno colaborativ - Aldea Work","isPartOf":{"@id":"https:\/\/aldea.work\/#website"},"primaryImageOfPage":{"@id":"https:\/\/aldea.work\/innovacion-empresarial-en-2025-por-que-el-espacio-de-trabajo-define-el-crecimiento\/#primaryimage"},"image":{"@id":"https:\/\/aldea.work\/innovacion-empresarial-en-2025-por-que-el-espacio-de-trabajo-define-el-crecimiento\/#primaryimage"},"thumbnailUrl":"https:\/\/aldea.work\/wp-content\/uploads\/2025\/07\/5-4-e1756141198744.webp","datePublished":"2026-04-15T23:07:37+00:00","dateModified":"2026-04-17T23:23:06+00:00","description":"Un entorno colaborativo fomenta el intercambio de ideas y conocimientos entre profesionales de distintas \u00e1reas.","breadcrumb":{"@id":"https:\/\/aldea.work\/innovacion-empresarial-en-2025-por-que-el-espacio-de-trabajo-define-el-crecimiento\/#breadcrumb"},"inLanguage":"en-US","potentialAction":[{"@type":"ReadAction","target":["https:\/\/aldea.work\/innovacion-empresarial-en-2025-por-que-el-espacio-de-trabajo-define-el-crecimiento\/"]}]},{"@type":"ImageObject","inLanguage":"en-US","@id":"https:\/\/aldea.work\/innovacion-empresarial-en-2025-por-que-el-espacio-de-trabajo-define-el-crecimiento\/#primaryimage","url":"https:\/\/aldea.work\/wp-content\/uploads\/2025\/07\/5-4-e1756141198744.webp","contentUrl":"https:\/\/aldea.work\/wp-content\/uploads\/2025\/07\/5-4-e1756141198744.webp","width":1200,"height":676},{"@type":"BreadcrumbList","@id":"https:\/\/aldea.work\/innovacion-empresarial-en-2025-por-que-el-espacio-de-trabajo-define-el-crecimiento\/#breadcrumb","itemListElement":[{"@type":"ListItem","position":1,"name":"Portada","item":"https:\/\/aldea.work\/"},{"@type":"ListItem","position":2,"name":"Innovaci\u00f3n empresarial en 2025: por qu\u00e9 el espacio de trabajo define el crecimiento"}]},{"@type":"WebSite","@id":"https:\/\/aldea.work\/#website","url":"https:\/\/aldea.work\/","name":"Aldea","description":"Coworking moderno y oficinas en renta en Aguascalientes norte.","publisher":{"@id":"https:\/\/aldea.work\/#organization"},"potentialAction":[{"@type":"SearchAction","target":{"@type":"EntryPoint","urlTemplate":"https:\/\/aldea.work\/?s={search_term_string}"},"query-input":{"@type":"PropertyValueSpecification","valueRequired":true,"valueName":"search_term_string"}}],"inLanguage":"en-US"},{"@type":"Organization","@id":"https:\/\/aldea.work\/#organization","name":"Aldea","url":"https:\/\/aldea.work\/","logo":{"@type":"ImageObject","inLanguage":"en-US","@id":"https:\/\/aldea.work\/#\/schema\/logo\/image\/","url":"https:\/\/aldea.work\/wp-content\/uploads\/2025\/04\/LOGO-ALDEA-AZUL.svg","contentUrl":"https:\/\/aldea.work\/wp-content\/uploads\/2025\/04\/LOGO-ALDEA-AZUL.svg","caption":"Aldea"},"image":{"@id":"https:\/\/aldea.work\/#\/schema\/logo\/image\/"}},{"@type":"Person","@id":"https:\/\/aldea.work\/#\/schema\/person\/4bd7f8d004eede99705f7fad40a680d7","name":"admin","image":{"@type":"ImageObject","inLanguage":"en-US","@id":"https:\/\/aldea.work\/#\/schema\/person\/image\/","url":"https:\/\/secure.gravatar.com\/avatar\/6becce79bfc565427e91ade0cd18e6f3923c93fa521dfb28cc57275fa9e10d34?s=96&d=mm&r=g","contentUrl":"https:\/\/secure.gravatar.com\/avatar\/6becce79bfc565427e91ade0cd18e6f3923c93fa521dfb28cc57275fa9e10d34?s=96&d=mm&r=g","caption":"admin"},"sameAs":["https:\/\/aldea.work"],"url":"https:\/\/aldea.work\/en\/author\/aldea\/"}]}},"acf":[],"_links":{"self":[{"href":"https:\/\/aldea.work\/en\/wp-json\/wp\/v2\/posts\/14052","targetHints":{"allow":["GET"]}}],"collection":[{"href":"https:\/\/aldea.work\/en\/wp-json\/wp\/v2\/posts"}],"about":[{"href":"https:\/\/aldea.work\/en\/wp-json\/wp\/v2\/types\/post"}],"author":[{"embeddable":true,"href":"https:\/\/aldea.work\/en\/wp-json\/wp\/v2\/users\/1"}],"replies":[{"embeddable":true,"href":"https:\/\/aldea.work\/en\/wp-json\/wp\/v2\/comments?post=14052"}],"version-history":[{"count":0,"href":"https:\/\/aldea.work\/en\/wp-json\/wp\/v2\/posts\/14052\/revisions"}],"wp:featuredmedia":[{"embeddable":true,"href":"https:\/\/aldea.work\/en\/wp-json\/wp\/v2\/media\/11518"}],"wp:attachment":[{"href":"https:\/\/aldea.work\/en\/wp-json\/wp\/v2\/media?parent=14052"}],"wp:term":[{"taxonomy":"category","embeddable":true,"href":"https:\/\/aldea.work\/en\/wp-json\/wp\/v2\/categories?post=14052"},{"taxonomy":"post_tag","embeddable":true,"href":"https:\/\/aldea.work\/en\/wp-json\/wp\/v2\/tags?post=14052"}],"curies":[{"name":"wp","href":"https:\/\/api.w.org\/{rel}","templated":true}]}}