{"id":399,"date":"2025-04-07T20:58:20","date_gmt":"2025-04-07T20:58:20","guid":{"rendered":"https:\/\/aldea.work\/?p=399"},"modified":"2026-02-04T16:33:01","modified_gmt":"2026-02-04T16:33:01","slug":"blog-2","status":"publish","type":"post","link":"https:\/\/aldea.work\/en\/blog-2\/","title":{"rendered":"3 tendencias que est\u00e1n cambiando la forma de trabajar."},"content":{"rendered":"<div data-elementor-type=\"wp-post\" data-elementor-id=\"399\" class=\"elementor elementor-399\">\n\t\t\t\t<div class=\"elementor-element elementor-element-ccc04c9 e-flex e-con-boxed wpr-particle-no wpr-jarallax-no wpr-parallax-no wpr-sticky-section-no e-con e-parent\" data-id=\"ccc04c9\" data-element_type=\"container\" data-e-type=\"container\" data-settings=\"{&quot;background_background&quot;:&quot;classic&quot;}\">\n\t\t\t\t\t<div class=\"e-con-inner\">\n\t\t\t\t<div class=\"elementor-element elementor-element-5aab451 elementor-widget__width-initial elementor-widget-mobile__width-initial elementor-invisible elementor-widget elementor-widget-heading\" data-id=\"5aab451\" data-element_type=\"widget\" data-e-type=\"widget\" data-settings=\"{&quot;_animation_mobile&quot;:&quot;fadeIn&quot;,&quot;_animation&quot;:&quot;fadeIn&quot;}\" data-widget_type=\"heading.default\">\n\t\t\t\t\t<h1 class=\"elementor-heading-title elementor-size-default\">Coworking en Quer\u00e9taro: el nuevo epicentro empresarial 2025<\/h1>\t\t\t\t<\/div>\n\t\t\t\t\t<\/div>\n\t\t\t\t<\/div>\n\t\t<div class=\"elementor-element elementor-element-edcc19f e-flex e-con-boxed wpr-particle-no wpr-jarallax-no wpr-parallax-no wpr-sticky-section-no e-con e-parent\" data-id=\"edcc19f\" data-element_type=\"container\" data-e-type=\"container\">\n\t\t\t\t\t<div class=\"e-con-inner\">\n\t\t\t\t<div class=\"elementor-element elementor-element-8839c34 elementor-widget__width-initial elementor-widget elementor-widget-text-editor\" data-id=\"8839c34\" data-element_type=\"widget\" data-e-type=\"widget\" data-widget_type=\"text-editor.default\">\n\t\t\t\t\t\t\t\t\t<p>Descubre por qu\u00e9 el sur de Quer\u00e9taro est\u00e1 atrayendo a empresas y profesionales al <strong>coworking<\/strong>.<\/p><p>Ubicaci\u00f3n estrat\u00e9gica, servicios premium y comunidad empresarial.<\/p>\t\t\t\t\t\t\t\t<\/div>\n\t\t\t\t\t<\/div>\n\t\t\t\t<\/div>\n\t\t<div class=\"elementor-element elementor-element-cc1efbc e-flex e-con-boxed wpr-particle-no wpr-jarallax-no wpr-parallax-no wpr-sticky-section-no elementor-invisible e-con e-parent\" data-id=\"cc1efbc\" data-element_type=\"container\" data-e-type=\"container\" data-settings=\"{&quot;animation&quot;:&quot;fadeIn&quot;}\">\n\t\t\t\t\t<div class=\"e-con-inner\">\n\t\t<div class=\"elementor-element elementor-element-8e4081f e-con-full e-flex wpr-particle-no wpr-jarallax-no wpr-parallax-no wpr-sticky-section-no e-con e-child\" data-id=\"8e4081f\" data-element_type=\"container\" data-e-type=\"container\">\n\t\t\t\t<div class=\"elementor-element elementor-element-975f136 elementor-widget__width-initial elementor-invisible elementor-widget elementor-widget-image\" data-id=\"975f136\" data-element_type=\"widget\" data-e-type=\"widget\" data-settings=\"{&quot;_animation&quot;:&quot;fadeIn&quot;}\" data-widget_type=\"image.default\">\n\t\t\t\t\t\t\t\t\t\t\t\t\t\t\t<img fetchpriority=\"high\" decoding=\"async\" width=\"796\" height=\"796\" src=\"https:\/\/aldea.work\/wp-content\/uploads\/2025\/04\/blog-1.webp\" class=\"attachment-full size-full wp-image-13853\" alt=\"\" srcset=\"https:\/\/aldea.work\/wp-content\/uploads\/2025\/04\/blog-1.webp 796w, https:\/\/aldea.work\/wp-content\/uploads\/2025\/04\/blog-1-300x300.webp 300w, https:\/\/aldea.work\/wp-content\/uploads\/2025\/04\/blog-1-150x150.webp 150w, https:\/\/aldea.work\/wp-content\/uploads\/2025\/04\/blog-1-768x768.webp 768w, https:\/\/aldea.work\/wp-content\/uploads\/2025\/04\/blog-1-12x12.webp 12w\" sizes=\"(max-width: 796px) 100vw, 796px\" \/>\t\t\t\t\t\t\t\t\t\t\t\t\t\t\t<\/div>\n\t\t\t\t<\/div>\n\t\t<div class=\"elementor-element elementor-element-d9b859d e-con-full e-flex wpr-particle-no wpr-jarallax-no wpr-parallax-no wpr-sticky-section-no e-con e-child\" data-id=\"d9b859d\" data-element_type=\"container\" data-e-type=\"container\">\n\t\t<div class=\"elementor-element elementor-element-86d42b2 e-con-full e-flex wpr-particle-no wpr-jarallax-no wpr-parallax-no wpr-sticky-section-no e-con e-child\" data-id=\"86d42b2\" data-element_type=\"container\" data-e-type=\"container\">\n\t\t\t\t<div class=\"elementor-element elementor-element-7ee51d9 elementor-widget__width-initial elementor-widget-mobile__width-initial elementor-widget elementor-widget-heading\" data-id=\"7ee51d9\" data-element_type=\"widget\" data-e-type=\"widget\" data-widget_type=\"heading.default\">\n\t\t\t\t\t<h2 class=\"elementor-heading-title elementor-size-default\">1. Quer\u00e9taro uno de los polos de desarrollo m\u00e1s importantes de M\u00e9xico. <\/h2>\t\t\t\t<\/div>\n\t\t\t\t<\/div>\n\t\t\t\t<div class=\"elementor-element elementor-element-fcdf802 elementor-widget elementor-widget-text-editor\" data-id=\"fcdf802\" data-element_type=\"widget\" data-e-type=\"widget\" data-widget_type=\"text-editor.default\">\n\t\t\t\t\t\t\t\t\t<p>En los \u00faltimos a\u00f1os, su crecimiento empresarial ha impulsado la demanda de <strong>espacios de trabajo modernos, flexibles y estrat\u00e9gicamente ubicados.<\/strong><br \/><br \/>Y es precisamente en la zona sur \u2014particularmente Centro Sur\u2014 donde est\u00e1 surgiendo una nueva tendencia: <strong>coworkings<\/strong> dise\u00f1ados para empresas que buscan flexibilidad sin renunciar a la profesionalidad.<\/p>\t\t\t\t\t\t\t\t<\/div>\n\t\t\t\t<\/div>\n\t\t\t\t\t<\/div>\n\t\t\t\t<\/div>\n\t\t<div class=\"elementor-element elementor-element-496e1da e-flex e-con-boxed wpr-particle-no wpr-jarallax-no wpr-parallax-no wpr-sticky-section-no e-con e-parent\" data-id=\"496e1da\" data-element_type=\"container\" data-e-type=\"container\">\n\t\t\t\t\t<div class=\"e-con-inner\">\n\t\t<div class=\"elementor-element elementor-element-f3ef171 e-con-full e-flex wpr-particle-no wpr-jarallax-no wpr-parallax-no wpr-sticky-section-no elementor-invisible e-con e-child\" data-id=\"f3ef171\" data-element_type=\"container\" data-e-type=\"container\" data-settings=\"{&quot;animation&quot;:&quot;fadeIn&quot;}\">\n\t\t<div class=\"elementor-element elementor-element-00c1f11 e-con-full e-flex wpr-particle-no wpr-jarallax-no wpr-parallax-no wpr-sticky-section-no e-con e-child\" data-id=\"00c1f11\" data-element_type=\"container\" data-e-type=\"container\">\n\t\t\t\t<div class=\"elementor-element elementor-element-6e02c62 elementor-widget__width-initial elementor-widget elementor-widget-image\" data-id=\"6e02c62\" data-element_type=\"widget\" data-e-type=\"widget\" data-widget_type=\"image.default\">\n\t\t\t\t\t\t\t\t\t\t\t\t\t\t\t<img decoding=\"async\" width=\"768\" height=\"768\" src=\"https:\/\/aldea.work\/wp-content\/uploads\/2025\/04\/blog-2-768x768.webp\" class=\"attachment-medium_large size-medium_large wp-image-13852\" alt=\"\" srcset=\"https:\/\/aldea.work\/wp-content\/uploads\/2025\/04\/blog-2-768x768.webp 768w, https:\/\/aldea.work\/wp-content\/uploads\/2025\/04\/blog-2-300x300.webp 300w, https:\/\/aldea.work\/wp-content\/uploads\/2025\/04\/blog-2-150x150.webp 150w, https:\/\/aldea.work\/wp-content\/uploads\/2025\/04\/blog-2-12x12.webp 12w, https:\/\/aldea.work\/wp-content\/uploads\/2025\/04\/blog-2.webp 796w\" sizes=\"(max-width: 768px) 100vw, 768px\" \/>\t\t\t\t\t\t\t\t\t\t\t\t\t\t\t<\/div>\n\t\t\t\t<\/div>\n\t\t<div class=\"elementor-element elementor-element-0d72388 e-con-full e-flex wpr-particle-no wpr-jarallax-no wpr-parallax-no wpr-sticky-section-no e-con e-child\" data-id=\"0d72388\" data-element_type=\"container\" data-e-type=\"container\">\n\t\t<div class=\"elementor-element elementor-element-fb94357 e-con-full e-flex wpr-particle-no wpr-jarallax-no wpr-parallax-no wpr-sticky-section-no e-con e-child\" data-id=\"fb94357\" data-element_type=\"container\" data-e-type=\"container\">\n\t\t\t\t<div class=\"elementor-element elementor-element-ad735d0 elementor-widget elementor-widget-heading\" data-id=\"ad735d0\" data-element_type=\"widget\" data-e-type=\"widget\" data-widget_type=\"heading.default\">\n\t\t\t\t\t<h2 class=\"elementor-heading-title elementor-size-default\">2. Centro Sur ha pasado a convertirse en el nuevo distrito corporativo de Quer\u00e9taro. <\/h2>\t\t\t\t<\/div>\n\t\t\t\t<\/div>\n\t\t\t\t<div class=\"elementor-element elementor-element-a907e7d elementor-widget elementor-widget-text-editor\" data-id=\"a907e7d\" data-element_type=\"widget\" data-e-type=\"widget\" data-widget_type=\"text-editor.default\">\n\t\t\t\t\t\t\t\t\t<p>Su conectividad con <strong>avenidas principales y salida a CDMX<\/strong> lo hacen perfecto para empresas que buscan accesibilidad y prestigio.<\/p>\t\t\t\t\t\t\t\t<\/div>\n\t\t\t\t<\/div>\n\t\t\t\t<\/div>\n\t\t\t\t\t<\/div>\n\t\t\t\t<\/div>\n\t\t<div class=\"elementor-element elementor-element-1a4b993 e-flex e-con-boxed wpr-particle-no wpr-jarallax-no wpr-parallax-no wpr-sticky-section-no e-con e-parent\" data-id=\"1a4b993\" data-element_type=\"container\" data-e-type=\"container\">\n\t\t\t\t\t<div class=\"e-con-inner\">\n\t\t<div class=\"elementor-element elementor-element-88e3290 e-con-full e-flex wpr-particle-no wpr-jarallax-no wpr-parallax-no wpr-sticky-section-no elementor-invisible e-con e-child\" data-id=\"88e3290\" data-element_type=\"container\" data-e-type=\"container\" data-settings=\"{&quot;animation&quot;:&quot;fadeIn&quot;}\">\n\t\t<div class=\"elementor-element elementor-element-9f6e608 e-con-full e-flex wpr-particle-no wpr-jarallax-no wpr-parallax-no wpr-sticky-section-no e-con e-child\" data-id=\"9f6e608\" data-element_type=\"container\" data-e-type=\"container\">\n\t\t\t\t<div class=\"elementor-element elementor-element-cd81d38 elementor-widget__width-initial elementor-widget elementor-widget-image\" data-id=\"cd81d38\" data-element_type=\"widget\" data-e-type=\"widget\" data-widget_type=\"image.default\">\n\t\t\t\t\t\t\t\t\t\t\t\t\t\t\t<img decoding=\"async\" width=\"796\" height=\"796\" src=\"https:\/\/aldea.work\/wp-content\/uploads\/2025\/04\/blog-3.webp\" class=\"attachment-large size-large wp-image-13851\" alt=\"\" srcset=\"https:\/\/aldea.work\/wp-content\/uploads\/2025\/04\/blog-3.webp 796w, https:\/\/aldea.work\/wp-content\/uploads\/2025\/04\/blog-3-300x300.webp 300w, https:\/\/aldea.work\/wp-content\/uploads\/2025\/04\/blog-3-150x150.webp 150w, https:\/\/aldea.work\/wp-content\/uploads\/2025\/04\/blog-3-768x768.webp 768w, https:\/\/aldea.work\/wp-content\/uploads\/2025\/04\/blog-3-12x12.webp 12w\" sizes=\"(max-width: 796px) 100vw, 796px\" \/>\t\t\t\t\t\t\t\t\t\t\t\t\t\t\t<\/div>\n\t\t\t\t<\/div>\n\t\t<div class=\"elementor-element elementor-element-73b45b7 e-con-full e-flex wpr-particle-no wpr-jarallax-no wpr-parallax-no wpr-sticky-section-no e-con e-child\" data-id=\"73b45b7\" data-element_type=\"container\" data-e-type=\"container\">\n\t\t<div class=\"elementor-element elementor-element-f2bf75b e-con-full e-flex wpr-particle-no wpr-jarallax-no wpr-parallax-no wpr-sticky-section-no e-con e-child\" data-id=\"f2bf75b\" data-element_type=\"container\" data-e-type=\"container\">\n\t\t\t\t<div class=\"elementor-element elementor-element-667a2cd elementor-widget elementor-widget-heading\" data-id=\"667a2cd\" data-element_type=\"widget\" data-e-type=\"widget\" data-widget_type=\"heading.default\">\n\t\t\t\t\t<h2 class=\"elementor-heading-title elementor-size-default\">3. El coworking dej\u00f3 de ser solo una opci\u00f3n para freelancers. <\/h2>\t\t\t\t<\/div>\n\t\t\t\t<\/div>\n\t\t\t\t<div class=\"elementor-element elementor-element-5cfb6ef elementor-widget elementor-widget-text-editor\" data-id=\"5cfb6ef\" data-element_type=\"widget\" data-e-type=\"widget\" data-widget_type=\"text-editor.default\">\n\t\t\t\t\t\t\t\t\t<p>Aldea Centro Sur destaca como el ejemplo m\u00e1s completo de <strong>coworking<\/strong> corporativo en <strong>Quer\u00e9taro<\/strong>: combina dise\u00f1o arquitect\u00f3nico moderno, espacios privados y \u00e1reas comunes pensadas para fomentar la colaboraci\u00f3n.<br \/><br \/><\/p>\t\t\t\t\t\t\t\t<\/div>\n\t\t\t\t<\/div>\n\t\t\t\t<\/div>\n\t\t\t\t\t<\/div>\n\t\t\t\t<\/div>\n\t\t<div class=\"elementor-element elementor-element-38d62de e-flex e-con-boxed wpr-particle-no wpr-jarallax-no wpr-parallax-no wpr-sticky-section-no elementor-invisible e-con e-parent\" data-id=\"38d62de\" data-element_type=\"container\" data-e-type=\"container\" data-settings=\"{&quot;background_background&quot;:&quot;classic&quot;,&quot;animation&quot;:&quot;fadeIn&quot;}\">\n\t\t\t\t\t<div class=\"e-con-inner\">\n\t\t<div class=\"elementor-element elementor-element-07e1756 e-con-full e-flex wpr-particle-no wpr-jarallax-no wpr-parallax-no wpr-sticky-section-no e-con e-child\" data-id=\"07e1756\" data-element_type=\"container\" data-e-type=\"container\">\n\t\t\t\t<div class=\"elementor-element elementor-element-b53c3cf elementor-widget elementor-widget-heading\" data-id=\"b53c3cf\" data-element_type=\"widget\" data-e-type=\"widget\" data-widget_type=\"heading.default\">\n\t\t\t\t\t<h2 class=\"elementor-heading-title elementor-size-default\">\u00bfBuscas una oficina en renta que se adapte a tu equipo y estilo de trabajo? <\/h2>\t\t\t\t<\/div>\n\t\t\t\t<div class=\"elementor-element elementor-element-df04c59 elementor-widget elementor-widget-text-editor\" data-id=\"df04c59\" data-element_type=\"widget\" data-e-type=\"widget\" data-widget_type=\"text-editor.default\">\n\t\t\t\t\t\t\t\t\t<h1>Conoce Aldea Work Centro Sur: el coworking que marcar\u00e1 el futuro empresarial de Quer\u00e9taro.<br \/><br \/><\/h1>\t\t\t\t\t\t\t\t<\/div>\n\t\t\t\t<div class=\"elementor-element elementor-element-d9034cc elementor-mobile-align-center elementor-align-center elementor-widget elementor-widget-button\" data-id=\"d9034cc\" data-element_type=\"widget\" data-e-type=\"widget\" data-settings=\"{&quot;_animation_mobile&quot;:&quot;slideInUp&quot;}\" data-widget_type=\"button.default\">\n\t\t\t\t\t\t\t\t\t\t<a class=\"elementor-button elementor-button-link elementor-size-sm elementor-animation-grow\" href=\"https:\/\/wa.me\/+5214491869980?text=Hola,%20visit\u00e9%20su%20sitio%20web%20y%20me%20gustar\u00eda%20recibir%20m\u00e1s%20informaci\u00f3n%20acerca%20de%20sus%20servicios.%20\u00bfPodr\u00edan%20ayudarme?\">\n\t\t\t\t\t\t<span class=\"elementor-button-content-wrapper\">\n\t\t\t\t\t\t\t\t\t<span class=\"elementor-button-text\">Contact Us<\/span>\n\t\t\t\t\t<\/span>\n\t\t\t\t\t<\/a>\n\t\t\t\t\t\t\t\t<\/div>\n\t\t\t\t<\/div>\n\t\t\t\t\t<\/div>\n\t\t\t\t<\/div>\n\t\t\t\t<\/div>","protected":false},"excerpt":{"rendered":"<p>El siglo XXI ha transformado radicalmente la forma en que trabajamos.<\/p>","protected":false},"author":1,"featured_media":13919,"comment_status":"closed","ping_status":"closed","sticky":false,"template":"elementor_header_footer","format":"standard","meta":{"_acf_changed":false,"_joinchat":[],"footnotes":""},"categories":[36],"tags":[],"class_list":["post-399","post","type-post","status-publish","format-standard","has-post-thumbnail","hentry","category-mkt-y-ventas"],"yoast_head":"<!-- This site is optimized with the Yoast SEO plugin v26.9 - https:\/\/yoast.com\/product\/yoast-seo-wordpress\/ -->\n<title>3 tendencias que est\u00e1n cambiando la forma de trabajar. - Aldea<\/title>\n<meta name=\"robots\" content=\"index, follow, max-snippet:-1, max-image-preview:large, max-video-preview:-1\" \/>\n<link rel=\"canonical\" href=\"https:\/\/aldea.work\/en\/blog-2\/\" \/>\n<meta property=\"og:locale\" content=\"en_US\" \/>\n<meta property=\"og:type\" content=\"article\" \/>\n<meta property=\"og:title\" content=\"3 tendencias que est\u00e1n cambiando la forma de trabajar. - Aldea\" \/>\n<meta property=\"og:description\" content=\"El siglo XXI ha transformado radicalmente la forma en que trabajamos.\" \/>\n<meta property=\"og:url\" content=\"https:\/\/aldea.work\/en\/blog-2\/\" \/>\n<meta property=\"og:site_name\" content=\"Aldea\" \/>\n<meta property=\"article:published_time\" content=\"2025-04-07T20:58:20+00:00\" \/>\n<meta property=\"article:modified_time\" content=\"2026-02-04T16:33:01+00:00\" \/>\n<meta property=\"og:image\" content=\"https:\/\/aldea.work\/wp-content\/uploads\/2025\/04\/3-tendencias.webp\" \/>\n\t<meta property=\"og:image:width\" content=\"1200\" \/>\n\t<meta property=\"og:image:height\" content=\"676\" \/>\n\t<meta property=\"og:image:type\" content=\"image\/webp\" \/>\n<meta name=\"author\" content=\"admin\" \/>\n<meta name=\"twitter:card\" content=\"summary_large_image\" \/>\n<meta name=\"twitter:label1\" content=\"Written by\" \/>\n\t<meta name=\"twitter:data1\" content=\"admin\" \/>\n\t<meta name=\"twitter:label2\" content=\"Est. reading time\" \/>\n\t<meta name=\"twitter:data2\" content=\"2 minutes\" \/>\n<script type=\"application\/ld+json\" class=\"yoast-schema-graph\">{\"@context\":\"https:\/\/schema.org\",\"@graph\":[{\"@type\":\"Article\",\"@id\":\"https:\/\/aldea.work\/blog-2\/#article\",\"isPartOf\":{\"@id\":\"https:\/\/aldea.work\/blog-2\/\"},\"author\":{\"name\":\"admin\",\"@id\":\"https:\/\/aldea.work\/#\/schema\/person\/4bd7f8d004eede99705f7fad40a680d7\"},\"headline\":\"3 tendencias que est\u00e1n cambiando la forma de trabajar.\",\"datePublished\":\"2025-04-07T20:58:20+00:00\",\"dateModified\":\"2026-02-04T16:33:01+00:00\",\"mainEntityOfPage\":{\"@id\":\"https:\/\/aldea.work\/blog-2\/\"},\"wordCount\":216,\"publisher\":{\"@id\":\"https:\/\/aldea.work\/#organization\"},\"image\":{\"@id\":\"https:\/\/aldea.work\/blog-2\/#primaryimage\"},\"thumbnailUrl\":\"https:\/\/aldea.work\/wp-content\/uploads\/2025\/04\/3-tendencias.webp\",\"articleSection\":[\"Mkt y ventas\"],\"inLanguage\":\"en-US\"},{\"@type\":\"WebPage\",\"@id\":\"https:\/\/aldea.work\/blog-2\/\",\"url\":\"https:\/\/aldea.work\/blog-2\/\",\"name\":\"3 tendencias que est\u00e1n cambiando la forma de trabajar. - Aldea\",\"isPartOf\":{\"@id\":\"https:\/\/aldea.work\/#website\"},\"primaryImageOfPage\":{\"@id\":\"https:\/\/aldea.work\/blog-2\/#primaryimage\"},\"image\":{\"@id\":\"https:\/\/aldea.work\/blog-2\/#primaryimage\"},\"thumbnailUrl\":\"https:\/\/aldea.work\/wp-content\/uploads\/2025\/04\/3-tendencias.webp\",\"datePublished\":\"2025-04-07T20:58:20+00:00\",\"dateModified\":\"2026-02-04T16:33:01+00:00\",\"breadcrumb\":{\"@id\":\"https:\/\/aldea.work\/blog-2\/#breadcrumb\"},\"inLanguage\":\"en-US\",\"potentialAction\":[{\"@type\":\"ReadAction\",\"target\":[\"https:\/\/aldea.work\/blog-2\/\"]}]},{\"@type\":\"ImageObject\",\"inLanguage\":\"en-US\",\"@id\":\"https:\/\/aldea.work\/blog-2\/#primaryimage\",\"url\":\"https:\/\/aldea.work\/wp-content\/uploads\/2025\/04\/3-tendencias.webp\",\"contentUrl\":\"https:\/\/aldea.work\/wp-content\/uploads\/2025\/04\/3-tendencias.webp\",\"width\":1200,\"height\":676},{\"@type\":\"BreadcrumbList\",\"@id\":\"https:\/\/aldea.work\/blog-2\/#breadcrumb\",\"itemListElement\":[{\"@type\":\"ListItem\",\"position\":1,\"name\":\"Portada\",\"item\":\"https:\/\/aldea.work\/\"},{\"@type\":\"ListItem\",\"position\":2,\"name\":\"3 tendencias que est\u00e1n cambiando la forma de trabajar.\"}]},{\"@type\":\"WebSite\",\"@id\":\"https:\/\/aldea.work\/#website\",\"url\":\"https:\/\/aldea.work\/\",\"name\":\"Aldea\",\"description\":\"Coworking moderno y oficinas en renta en Aguascalientes norte.\",\"publisher\":{\"@id\":\"https:\/\/aldea.work\/#organization\"},\"potentialAction\":[{\"@type\":\"SearchAction\",\"target\":{\"@type\":\"EntryPoint\",\"urlTemplate\":\"https:\/\/aldea.work\/?s={search_term_string}\"},\"query-input\":{\"@type\":\"PropertyValueSpecification\",\"valueRequired\":true,\"valueName\":\"search_term_string\"}}],\"inLanguage\":\"en-US\"},{\"@type\":\"Organization\",\"@id\":\"https:\/\/aldea.work\/#organization\",\"name\":\"Aldea\",\"url\":\"https:\/\/aldea.work\/\",\"logo\":{\"@type\":\"ImageObject\",\"inLanguage\":\"en-US\",\"@id\":\"https:\/\/aldea.work\/#\/schema\/logo\/image\/\",\"url\":\"https:\/\/aldea.work\/wp-content\/uploads\/2025\/04\/LOGO-ALDEA-AZUL.svg\",\"contentUrl\":\"https:\/\/aldea.work\/wp-content\/uploads\/2025\/04\/LOGO-ALDEA-AZUL.svg\",\"caption\":\"Aldea\"},\"image\":{\"@id\":\"https:\/\/aldea.work\/#\/schema\/logo\/image\/\"}},{\"@type\":\"Person\",\"@id\":\"https:\/\/aldea.work\/#\/schema\/person\/4bd7f8d004eede99705f7fad40a680d7\",\"name\":\"admin\",\"image\":{\"@type\":\"ImageObject\",\"inLanguage\":\"en-US\",\"@id\":\"https:\/\/aldea.work\/#\/schema\/person\/image\/\",\"url\":\"https:\/\/secure.gravatar.com\/avatar\/6becce79bfc565427e91ade0cd18e6f3923c93fa521dfb28cc57275fa9e10d34?s=96&d=mm&r=g\",\"contentUrl\":\"https:\/\/secure.gravatar.com\/avatar\/6becce79bfc565427e91ade0cd18e6f3923c93fa521dfb28cc57275fa9e10d34?s=96&d=mm&r=g\",\"caption\":\"admin\"},\"sameAs\":[\"https:\/\/aldea.work\"],\"url\":\"https:\/\/aldea.work\/en\/author\/aldea\/\"}]}<\/script>\n<!-- \/ Yoast SEO plugin. -->","yoast_head_json":{"title":"3 tendencias que est\u00e1n cambiando la forma de trabajar. - Aldea","robots":{"index":"index","follow":"follow","max-snippet":"max-snippet:-1","max-image-preview":"max-image-preview:large","max-video-preview":"max-video-preview:-1"},"canonical":"https:\/\/aldea.work\/en\/blog-2\/","og_locale":"en_US","og_type":"article","og_title":"3 tendencias que est\u00e1n cambiando la forma de trabajar. - Aldea","og_description":"El siglo XXI ha transformado radicalmente la forma en que trabajamos.","og_url":"https:\/\/aldea.work\/en\/blog-2\/","og_site_name":"Aldea","article_published_time":"2025-04-07T20:58:20+00:00","article_modified_time":"2026-02-04T16:33:01+00:00","og_image":[{"width":1200,"height":676,"url":"https:\/\/aldea.work\/wp-content\/uploads\/2025\/04\/3-tendencias.webp","type":"image\/webp"}],"author":"admin","twitter_card":"summary_large_image","twitter_misc":{"Written by":"admin","Est. reading time":"2 minutes"},"schema":{"@context":"https:\/\/schema.org","@graph":[{"@type":"Article","@id":"https:\/\/aldea.work\/blog-2\/#article","isPartOf":{"@id":"https:\/\/aldea.work\/blog-2\/"},"author":{"name":"admin","@id":"https:\/\/aldea.work\/#\/schema\/person\/4bd7f8d004eede99705f7fad40a680d7"},"headline":"3 tendencias que est\u00e1n cambiando la forma de trabajar.","datePublished":"2025-04-07T20:58:20+00:00","dateModified":"2026-02-04T16:33:01+00:00","mainEntityOfPage":{"@id":"https:\/\/aldea.work\/blog-2\/"},"wordCount":216,"publisher":{"@id":"https:\/\/aldea.work\/#organization"},"image":{"@id":"https:\/\/aldea.work\/blog-2\/#primaryimage"},"thumbnailUrl":"https:\/\/aldea.work\/wp-content\/uploads\/2025\/04\/3-tendencias.webp","articleSection":["Mkt y ventas"],"inLanguage":"en-US"},{"@type":"WebPage","@id":"https:\/\/aldea.work\/blog-2\/","url":"https:\/\/aldea.work\/blog-2\/","name":"3 tendencias que est\u00e1n cambiando la forma de trabajar. - Aldea","isPartOf":{"@id":"https:\/\/aldea.work\/#website"},"primaryImageOfPage":{"@id":"https:\/\/aldea.work\/blog-2\/#primaryimage"},"image":{"@id":"https:\/\/aldea.work\/blog-2\/#primaryimage"},"thumbnailUrl":"https:\/\/aldea.work\/wp-content\/uploads\/2025\/04\/3-tendencias.webp","datePublished":"2025-04-07T20:58:20+00:00","dateModified":"2026-02-04T16:33:01+00:00","breadcrumb":{"@id":"https:\/\/aldea.work\/blog-2\/#breadcrumb"},"inLanguage":"en-US","potentialAction":[{"@type":"ReadAction","target":["https:\/\/aldea.work\/blog-2\/"]}]},{"@type":"ImageObject","inLanguage":"en-US","@id":"https:\/\/aldea.work\/blog-2\/#primaryimage","url":"https:\/\/aldea.work\/wp-content\/uploads\/2025\/04\/3-tendencias.webp","contentUrl":"https:\/\/aldea.work\/wp-content\/uploads\/2025\/04\/3-tendencias.webp","width":1200,"height":676},{"@type":"BreadcrumbList","@id":"https:\/\/aldea.work\/blog-2\/#breadcrumb","itemListElement":[{"@type":"ListItem","position":1,"name":"Portada","item":"https:\/\/aldea.work\/"},{"@type":"ListItem","position":2,"name":"3 tendencias que est\u00e1n cambiando la forma de trabajar."}]},{"@type":"WebSite","@id":"https:\/\/aldea.work\/#website","url":"https:\/\/aldea.work\/","name":"Aldea","description":"Coworking moderno y oficinas en renta en Aguascalientes norte.","publisher":{"@id":"https:\/\/aldea.work\/#organization"},"potentialAction":[{"@type":"SearchAction","target":{"@type":"EntryPoint","urlTemplate":"https:\/\/aldea.work\/?s={search_term_string}"},"query-input":{"@type":"PropertyValueSpecification","valueRequired":true,"valueName":"search_term_string"}}],"inLanguage":"en-US"},{"@type":"Organization","@id":"https:\/\/aldea.work\/#organization","name":"Aldea","url":"https:\/\/aldea.work\/","logo":{"@type":"ImageObject","inLanguage":"en-US","@id":"https:\/\/aldea.work\/#\/schema\/logo\/image\/","url":"https:\/\/aldea.work\/wp-content\/uploads\/2025\/04\/LOGO-ALDEA-AZUL.svg","contentUrl":"https:\/\/aldea.work\/wp-content\/uploads\/2025\/04\/LOGO-ALDEA-AZUL.svg","caption":"Aldea"},"image":{"@id":"https:\/\/aldea.work\/#\/schema\/logo\/image\/"}},{"@type":"Person","@id":"https:\/\/aldea.work\/#\/schema\/person\/4bd7f8d004eede99705f7fad40a680d7","name":"admin","image":{"@type":"ImageObject","inLanguage":"en-US","@id":"https:\/\/aldea.work\/#\/schema\/person\/image\/","url":"https:\/\/secure.gravatar.com\/avatar\/6becce79bfc565427e91ade0cd18e6f3923c93fa521dfb28cc57275fa9e10d34?s=96&d=mm&r=g","contentUrl":"https:\/\/secure.gravatar.com\/avatar\/6becce79bfc565427e91ade0cd18e6f3923c93fa521dfb28cc57275fa9e10d34?s=96&d=mm&r=g","caption":"admin"},"sameAs":["https:\/\/aldea.work"],"url":"https:\/\/aldea.work\/en\/author\/aldea\/"}]}},"acf":[],"_links":{"self":[{"href":"https:\/\/aldea.work\/en\/wp-json\/wp\/v2\/posts\/399","targetHints":{"allow":["GET"]}}],"collection":[{"href":"https:\/\/aldea.work\/en\/wp-json\/wp\/v2\/posts"}],"about":[{"href":"https:\/\/aldea.work\/en\/wp-json\/wp\/v2\/types\/post"}],"author":[{"embeddable":true,"href":"https:\/\/aldea.work\/en\/wp-json\/wp\/v2\/users\/1"}],"replies":[{"embeddable":true,"href":"https:\/\/aldea.work\/en\/wp-json\/wp\/v2\/comments?post=399"}],"version-history":[{"count":0,"href":"https:\/\/aldea.work\/en\/wp-json\/wp\/v2\/posts\/399\/revisions"}],"wp:featuredmedia":[{"embeddable":true,"href":"https:\/\/aldea.work\/en\/wp-json\/wp\/v2\/media\/13919"}],"wp:attachment":[{"href":"https:\/\/aldea.work\/en\/wp-json\/wp\/v2\/media?parent=399"}],"wp:term":[{"taxonomy":"category","embeddable":true,"href":"https:\/\/aldea.work\/en\/wp-json\/wp\/v2\/categories?post=399"},{"taxonomy":"post_tag","embeddable":true,"href":"https:\/\/aldea.work\/en\/wp-json\/wp\/v2\/tags?post=399"}],"curies":[{"name":"wp","href":"https:\/\/api.w.org\/{rel}","templated":true}]}}